{"id":17138,"date":"2024-11-14T19:37:35","date_gmt":"2024-11-14T19:37:35","guid":{"rendered":"https:\/\/principesdeparis.es\/principes\/?p=17138"},"modified":"2024-11-14T19:44:37","modified_gmt":"2024-11-14T19:44:37","slug":"el-ejea-elimina-al-hercules-y-se-enfrentara-a-un-primera-en-la-copa","status":"publish","type":"post","link":"https:\/\/principesdeparis.es\/principes\/el-ejea-elimina-al-hercules-y-se-enfrentara-a-un-primera-en-la-copa\/","title":{"rendered":"El Ejea elimina al H\u00e9rcules y se enfrentar\u00e1 a un Primera en la Copa"},"content":{"rendered":"<p>La SD Ejea, de Segunda Federaci\u00f3n, ha protagonizado la sorpresa en la eliminatoria de la Copa que le enfrentaba hoy al H\u00e9rcules, de \u00a0Primera RFEF, al que ha eliminado gracias a un magn\u00edfico gol de Rodri Val en su elaboraci\u00f3n y ejecuci\u00f3n en el minuto 71 de un encuentro en gran parte dominado por los futbolistas que entrena Iv\u00e1n Mart\u00ednez.\u00a0 El conjunto aragon\u00e9s jugar\u00e1 en la siguiente ronda contra un club de Primera Divisi\u00f3n, exceptuando a los cuatro participantes de la Supercopa.<\/p>\n<p class=\"paragraph\"><b>Ejea:<\/b>\u00a0Troya, Antonio Sola, Diaby, Tudela, Ginov\u00e9s, Hakim, Iglesias, Carrasco (Fadel, 87), Rodri Val (Isaac, 84), Carbonell (Babacar, 67) y Ram\u00f3n (Palm\u00e1s, 67).<\/p>\n<p class=\"paragraph\"><b>H\u00e9rcules:<\/b>\u00a0Nando, Sotillos, Cantero, Josema, Retu (De Palmas, 84), Mario Garc\u00eda (Mangada, 46), Aranda (Coscia, 74), Artiles, Javi Moreno (Soldevila, 65), Alvarito (Nico, 65) y Mendes.<\/p>\n<p class=\"paragraph\"><b>Goles:<\/b>\u00a01-0, min. 71: Rodri Val.<\/p>\n<blockquote class=\"twitter-tweet\">\n<p dir=\"ltr\" lang=\"es\">\u00a1\u00a1MA\u00d1ANA FIEEESSSTAAAAA!!&#x1f92a;&#x1f92a; <a href=\"https:\/\/t.co\/VJOokOB5uQ\">pic.twitter.com\/VJOokOB5uQ<\/a><\/p>\n<p>\u2014 SD Ejea (@SDEjeaOficial) <a href=\"https:\/\/twitter.com\/SDEjeaOficial\/status\/1857145091653263815?ref_src=twsrc%5Etfw\">November 14, 2024<\/a><\/p><\/blockquote>\n<p><script async src=\"https:\/\/platform.twitter.com\/widgets.js\" charset=\"utf-8\"><\/script><\/p>\n","protected":false},"excerpt":{"rendered":"<p>La SD Ejea, de Segunda Federaci\u00f3n, ha protagonizado la sorpresa en la eliminatoria de la Copa que le enfrentaba hoy al H\u00e9rcules, de \u00a0Primera RFEF, al que ha eliminado gracias a un magn\u00edfico gol de Rodri Val en su elaboraci\u00f3n y ejecuci\u00f3n en el minuto 71 de un encuentro en <a class=\"read-more\" href=\"https:\/\/principesdeparis.es\/principes\/el-ejea-elimina-al-hercules-y-se-enfrentara-a-un-primera-en-la-copa\/\">Sigue leyendo<\/a><\/p>\n","protected":false},"author":2,"featured_media":17139,"comment_status":"open","ping_status":"open","sticky":false,"template":"","format":"standard","meta":{"footnotes":""},"categories":[15,13],"tags":[],"class_list":["post-17138","post","type-post","status-publish","format-standard","has-post-thumbnail","hentry","category-otros-temas","category-publicidad"],"_links":{"self":[{"href":"https:\/\/principesdeparis.es\/principes\/wp-json\/wp\/v2\/posts\/17138","targetHints":{"allow":["GET"]}}],"collection":[{"href":"https:\/\/principesdeparis.es\/principes\/wp-json\/wp\/v2\/posts"}],"about":[{"href":"https:\/\/principesdeparis.es\/principes\/wp-json\/wp\/v2\/types\/post"}],"author":[{"embeddable":true,"href":"https:\/\/principesdeparis.es\/principes\/wp-json\/wp\/v2\/users\/2"}],"replies":[{"embeddable":true,"href":"https:\/\/principesdeparis.es\/principes\/wp-json\/wp\/v2\/comments?post=17138"}],"version-history":[{"count":3,"href":"https:\/\/principesdeparis.es\/principes\/wp-json\/wp\/v2\/posts\/17138\/revisions"}],"predecessor-version":[{"id":17142,"href":"https:\/\/principesdeparis.es\/principes\/wp-json\/wp\/v2\/posts\/17138\/revisions\/17142"}],"wp:featuredmedia":[{"embeddable":true,"href":"https:\/\/principesdeparis.es\/principes\/wp-json\/wp\/v2\/media\/17139"}],"wp:attachment":[{"href":"https:\/\/principesdeparis.es\/principes\/wp-json\/wp\/v2\/media?parent=17138"}],"wp:term":[{"taxonomy":"category","embeddable":true,"href":"https:\/\/principesdeparis.es\/principes\/wp-json\/wp\/v2\/categories?post=17138"},{"taxonomy":"post_tag","embeddable":true,"href":"https:\/\/principesdeparis.es\/principes\/wp-json\/wp\/v2\/tags?post=17138"}],"curies":[{"name":"wp","href":"https:\/\/api.w.org\/{rel}","templated":true}]}}