{"id":17152,"date":"2024-11-16T11:43:23","date_gmt":"2024-11-16T11:43:23","guid":{"rendered":"https:\/\/principesdeparis.es\/principes\/?p=17152"},"modified":"2024-11-16T12:13:54","modified_gmt":"2024-11-16T12:13:54","slug":"victor-fernandez-dudo-que-bare-y-soberon-lleguen-tampoco-al-partido-del-cordoba","status":"publish","type":"post","link":"https:\/\/principesdeparis.es\/principes\/victor-fernandez-dudo-que-bare-y-soberon-lleguen-tampoco-al-partido-del-cordoba\/","title":{"rendered":"V\u00edctor Fern\u00e1ndez: \u00abDudo que Bare y Sober\u00f3n lleguen tampoco al partido del C\u00f3rdoba\u00bb"},"content":{"rendered":"<p>Como estaba previsto, Keidi Bare y Mario Sober\u00f3n, al igual que Kosa y Borge, no entrar\u00e1n en la citaci\u00f3n del encuentro frente al M\u00e1laga de este domingo, mientras que s\u00ed lo har\u00e1 Tasende. La rodilla del centrocampista le ha impedido estar ya en tres encuentros, mientras que el delantero, v\u00edctima de una reca\u00edda en la microrrotura muscular, va ya para seis jornadas de baja en Liga. La mirada sobre sus posibles regresos estaba en puesta para la cita frente al C\u00f3rdoba de la pr\u00f3xima semana, pero V\u00edctor no se mostrado nada optimista con esa nueva previsi\u00f3n.<\/p>\n<p><strong>Bare y Sober\u00f3n:<\/strong> \u00abLa evoluci\u00f3n es buena pero algo lenta. Tengo dudas de que est\u00e9n incluso contra el C\u00f3rdoba. S\u00f3lo recuperamos a Tasende para este partido\u00bb.<\/p>\n<p><strong>M\u00e1laga:<\/strong> \u00abHa mejorado muchos los registros defensivos y es complicado ganarle. Intenta jugar como un equipo grande. Adem\u00e1s disponen de un gran portero.\u00a0 Ser\u00e1 un partido muy igualado\u00bb.<\/p>\n<p><strong>Bazdar y alternativas:<\/strong> \u00abSustituir a Bazdar no es sencillo. Tiene pase, juego entre l\u00edneas, fantas\u00eda, velocidad&#8230; Tenemos mucha gente para jugar en ese sitio aunque sen diferentes. No estoy preocupado porque hay opciones. No quiero levantar expectativas. Ares, que cada d\u00eda est\u00e1 m\u00e1s adaptado, Pau Sans, Aketxe&#8230;\u00bb.<\/p>\n<p><strong>No ir a remolque:<\/strong> \u00abPonerse por delante condiciona mucho. A ver si tenemos ese punto de pasi\u00f3n que requiere jugar en La Romareda. Nos est\u00e1 costando mucho adelantarnos en el marcador y \u00faltimamente encajamos siempre\u00bb.<\/p>\n<p><strong>Regularidad:<\/strong> \u00abEs fundamental en cualquier categor\u00eda ser constante y regular. Pero es una categor\u00eda tan igualada que favorece resultados muy variados, salvo en el caso del Racing. La igualdad hace que haya muchas sorpresas. El M\u00e1laga s\u00f3lo ha perdido un partido, y a pesar de eso no le ha servido para ser primero o segundo\u00bb.<\/p>\n<p><strong>Claves:<\/strong> \u00abHacer un buen partido. Nadie salvo el Elche ha descifrado c\u00f3mo vencer al M\u00e1laga. Es el equipo con m\u00e1s especialistas de banda, de los que m\u00e1s regates realiza. Tambi\u00e9n es muy acad\u00e9mico y valiente. Profundos y que encaran. Tenemos argumentos ofensivos para hacerles da\u00f1o. Debemos atacarles bien pese a no contar con Sober\u00f3n y Bazdar. En el balance ofensivo y defensivo tenemos que estar muy bien\u00bb.<\/p>\n<p><strong>Tasende:<\/strong> \u00abSe ha entrenado toda la semana y Luna y Calero han dejado de trabajar algunos d\u00edas. Los tres est\u00e1n perfectamente\u00bb.<\/p>\n","protected":false},"excerpt":{"rendered":"<p>Como estaba previsto, Keidi Bare y Mario Sober\u00f3n, al igual que Kosa y Borge, no entrar\u00e1n en la citaci\u00f3n del encuentro frente al M\u00e1laga de este domingo, mientras que s\u00ed lo har\u00e1 Tasende. La rodilla del centrocampista le ha impedido estar ya en tres encuentros, mientras que el delantero, v\u00edctima <a class=\"read-more\" href=\"https:\/\/principesdeparis.es\/principes\/victor-fernandez-dudo-que-bare-y-soberon-lleguen-tampoco-al-partido-del-cordoba\/\">Sigue leyendo<\/a><\/p>\n","protected":false},"author":2,"featured_media":17153,"comment_status":"open","ping_status":"open","sticky":false,"template":"","format":"standard","meta":{"footnotes":""},"categories":[13,1],"tags":[],"class_list":["post-17152","post","type-post","status-publish","format-standard","has-post-thumbnail","hentry","category-publicidad","category-real-zaragoza"],"_links":{"self":[{"href":"https:\/\/principesdeparis.es\/principes\/wp-json\/wp\/v2\/posts\/17152","targetHints":{"allow":["GET"]}}],"collection":[{"href":"https:\/\/principesdeparis.es\/principes\/wp-json\/wp\/v2\/posts"}],"about":[{"href":"https:\/\/principesdeparis.es\/principes\/wp-json\/wp\/v2\/types\/post"}],"author":[{"embeddable":true,"href":"https:\/\/principesdeparis.es\/principes\/wp-json\/wp\/v2\/users\/2"}],"replies":[{"embeddable":true,"href":"https:\/\/principesdeparis.es\/principes\/wp-json\/wp\/v2\/comments?post=17152"}],"version-history":[{"count":9,"href":"https:\/\/principesdeparis.es\/principes\/wp-json\/wp\/v2\/posts\/17152\/revisions"}],"predecessor-version":[{"id":17162,"href":"https:\/\/principesdeparis.es\/principes\/wp-json\/wp\/v2\/posts\/17152\/revisions\/17162"}],"wp:featuredmedia":[{"embeddable":true,"href":"https:\/\/principesdeparis.es\/principes\/wp-json\/wp\/v2\/media\/17153"}],"wp:attachment":[{"href":"https:\/\/principesdeparis.es\/principes\/wp-json\/wp\/v2\/media?parent=17152"}],"wp:term":[{"taxonomy":"category","embeddable":true,"href":"https:\/\/principesdeparis.es\/principes\/wp-json\/wp\/v2\/categories?post=17152"},{"taxonomy":"post_tag","embeddable":true,"href":"https:\/\/principesdeparis.es\/principes\/wp-json\/wp\/v2\/tags?post=17152"}],"curies":[{"name":"wp","href":"https:\/\/api.w.org\/{rel}","templated":true}]}}