{"id":17171,"date":"2024-11-17T19:05:28","date_gmt":"2024-11-17T19:05:28","guid":{"rendered":"https:\/\/principesdeparis.es\/principes\/?p=17171"},"modified":"2024-11-17T19:34:49","modified_gmt":"2024-11-17T19:34:49","slug":"victor-resuelve-la-baja-de-bazdar-con-pau-sans-y-ares-en-un-once-sin-liso","status":"publish","type":"post","link":"https:\/\/principesdeparis.es\/principes\/victor-resuelve-la-baja-de-bazdar-con-pau-sans-y-ares-en-un-once-sin-liso\/","title":{"rendered":"V\u00edctor resuelve la baja de Bazdar con Pau Sans y Ares en un once sin Liso"},"content":{"rendered":"<p>El Real Zaragoza ten\u00eda la necesidad prioritaria de resolver qui\u00e9n o c\u00f3mo se acompa\u00f1ar\u00eda a Iv\u00e1n Az\u00f3n en ataque frente a la ausencia de Bazdar, pareja de baile habitual desde la lesi\u00f3n de Sober\u00f3n. V\u00edctor Fern\u00e1ndez lo ha resulto dando la segunda titularidad a Pau Sans y ofreciendo una nueva oportunidad a Adu Ares para prescindir de Liso, que ver\u00e1 el partido de inicio desde el banquillo. C\u00f3mo gestionar\u00e1 el t\u00e9cnico esta combinaci\u00f3n ofensiva es la inc\u00f3gnita, En principio,\u00a0 lo m\u00e1s coherente es que Sans se uniera a Az\u00f3n, pero habr\u00e1 que esperar si el canterano se ocupa de la banda derecha, con Ares a la izquierda y Aketxe como posible enganche. Las otras dos novedades en el once con respecto al encuentro frente al Huesca son Tasende, que regresa tras recuperarse de su lesi\u00f3n, y Vital una vez que el portugu\u00e9s ha cumplido la sanci\u00f3n que implica el primer ciclo de tarjetas para unirse a Llu\u00eds L\u00f3pez en el eje. De esta forma, el conjunto aragon\u00e9s vuelve a formar con la l\u00ednea defensiva m\u00e1s utilizada hasta el momento en la forma y las posiciones, ya que Calero retorna a la derecha despu\u00e9s de su irregular rendimiento como remiendo en el costado izquierdo. Tambi\u00e9n se insiste en la dupla Francho-Aguado en el centro de operaciones.<\/p>\n<p>El conjunto aragon\u00e9s arrancar\u00e1 el partido en el sexto lugar despu\u00e9s de que le hayan superado en la tabla Oviedo, Granada y Mirand\u00e9s. Pese a todo, el equipo de V\u00edctor depende de s\u00ed mismo para auparse a la segunda plaza, a posici\u00f3n de ascenso directo una vez m\u00e1s. Necesita la victoria para dar ese salto frente a un M\u00e1laga que cumple su s\u00e9ptimo desplazamiento de la temporada sin conocer a\u00fan la derrota y con el mejor sistema defensivo de la categor\u00eda. La escuadra de Sergio Pellicer, que viene de dos triunfos consecutivos, ha empatado en todas sus salidas, lo que habla de las dificultades que presenta este reci\u00e9n ascendido que acude a La Romareda para intentar igualar a 23 puntos con los locales y pendiente de un partido aplazado.<\/p>\n<p>El objetivo no es otro que ganar por los m\u00faltiples beneficios que tendr\u00eda la suma de los tres puntos en una tesitura at\u00edpica por el embotellamiento que hay en la clasificaci\u00f3n. El Real Zaragoza ha logrado 13 de los \u00faltimos 30 puntos posibles y necesita, adem\u00e1s del premio de la segunda plaza, responder a la reacci\u00f3n que empiezan a tener rivales que aspiran tambi\u00e9n a lo m\u00e1ximo. Adem\u00e1s, no puede permitirse un nuevo traspi\u00e9s en su feudo, el lugar donde debe cimentar su proyecto. Venci\u00f3 al Granada despu\u00e9s de caer con Racing, Almer\u00eda y Castell\u00f3n. Frenar contra el M\u00e1laga, pese a seguir en zona de playoff, no le har\u00eda ning\u00fan bien porque por justo detr\u00e1s tiene a un Levante con dos encuentros menos, y al Almer\u00eda, con otro aplazado.<\/p>\n<p><strong>La alineaci\u00f3n del M\u00e1laga<\/strong><\/p>\n<blockquote class=\"twitter-tweet\">\n<p dir=\"ltr\" lang=\"en\"><a href=\"https:\/\/twitter.com\/hashtag\/RealZaragozaMalaga?src=hash&amp;ref_src=twsrc%5Etfw\">#RealZaragozaMalaga<\/a> <a href=\"https:\/\/t.co\/wPpE9jLiKe\">pic.twitter.com\/wPpE9jLiKe<\/a><\/p>\n<p>\u2014 M\u00e1laga CF (@MalagaCF) <a href=\"https:\/\/twitter.com\/MalagaCF\/status\/1858220131434066148?ref_src=twsrc%5Etfw\">November 17, 2024<\/a><\/p><\/blockquote>\n<p><script async src=\"https:\/\/platform.twitter.com\/widgets.js\" charset=\"utf-8\"><\/script><\/p>\n","protected":false},"excerpt":{"rendered":"<p>El Real Zaragoza ten\u00eda la necesidad prioritaria de resolver qui\u00e9n o c\u00f3mo se acompa\u00f1ar\u00eda a Iv\u00e1n Az\u00f3n en ataque frente a la ausencia de Bazdar, pareja de baile habitual desde la lesi\u00f3n de Sober\u00f3n. V\u00edctor Fern\u00e1ndez lo ha resulto dando la segunda titularidad a Pau Sans y ofreciendo una nueva <a class=\"read-more\" href=\"https:\/\/principesdeparis.es\/principes\/victor-resuelve-la-baja-de-bazdar-con-pau-sans-y-ares-en-un-once-sin-liso\/\">Sigue leyendo<\/a><\/p>\n","protected":false},"author":2,"featured_media":17172,"comment_status":"open","ping_status":"open","sticky":false,"template":"","format":"standard","meta":{"footnotes":""},"categories":[13,1],"tags":[],"class_list":["post-17171","post","type-post","status-publish","format-standard","has-post-thumbnail","hentry","category-publicidad","category-real-zaragoza"],"_links":{"self":[{"href":"https:\/\/principesdeparis.es\/principes\/wp-json\/wp\/v2\/posts\/17171","targetHints":{"allow":["GET"]}}],"collection":[{"href":"https:\/\/principesdeparis.es\/principes\/wp-json\/wp\/v2\/posts"}],"about":[{"href":"https:\/\/principesdeparis.es\/principes\/wp-json\/wp\/v2\/types\/post"}],"author":[{"embeddable":true,"href":"https:\/\/principesdeparis.es\/principes\/wp-json\/wp\/v2\/users\/2"}],"replies":[{"embeddable":true,"href":"https:\/\/principesdeparis.es\/principes\/wp-json\/wp\/v2\/comments?post=17171"}],"version-history":[{"count":12,"href":"https:\/\/principesdeparis.es\/principes\/wp-json\/wp\/v2\/posts\/17171\/revisions"}],"predecessor-version":[{"id":17184,"href":"https:\/\/principesdeparis.es\/principes\/wp-json\/wp\/v2\/posts\/17171\/revisions\/17184"}],"wp:featuredmedia":[{"embeddable":true,"href":"https:\/\/principesdeparis.es\/principes\/wp-json\/wp\/v2\/media\/17172"}],"wp:attachment":[{"href":"https:\/\/principesdeparis.es\/principes\/wp-json\/wp\/v2\/media?parent=17171"}],"wp:term":[{"taxonomy":"category","embeddable":true,"href":"https:\/\/principesdeparis.es\/principes\/wp-json\/wp\/v2\/categories?post=17171"},{"taxonomy":"post_tag","embeddable":true,"href":"https:\/\/principesdeparis.es\/principes\/wp-json\/wp\/v2\/tags?post=17171"}],"curies":[{"name":"wp","href":"https:\/\/api.w.org\/{rel}","templated":true}]}}