{"id":17203,"date":"2024-11-18T20:29:48","date_gmt":"2024-11-18T20:29:48","guid":{"rendered":"https:\/\/principesdeparis.es\/principes\/?p=17203"},"modified":"2024-11-18T21:35:34","modified_gmt":"2024-11-18T21:35:34","slug":"los-mejores-testimonios-del-50o-aniversario-de-la-ciudad-deportiva","status":"publish","type":"post","link":"https:\/\/principesdeparis.es\/principes\/los-mejores-testimonios-del-50o-aniversario-de-la-ciudad-deportiva\/","title":{"rendered":"Los mejores testimonios del 50\u00ba Aniversario de la Ciudad Deportiva"},"content":{"rendered":"<p><strong>\u00c1ngel Aznar:<\/strong> \u00abCuando entr\u00e9 de presidente en 1984 sab\u00eda perfectamente lo que significaba la Ciudad Deportiva y que hab\u00eda que dejar seguir lo que estaban haciendo. Nuestra junta directiva continu\u00f3 con ese camino. Llegar a la Ciudad Deportiva da sensaci\u00f3n de felicidad. Ver que los ni\u00f1os pod\u00edan jugar en esas infraestructuras era una gozada porque entonces no era com\u00fan hallar campos de c\u00e9sped\u00bb.<\/p>\n<p>\u00abPara m\u00ed Chirri y Ram\u00f3n Lozano lo han hecho a mi gusto\u00bb.<\/p>\n<p>\u00abSe podr\u00eda llamar Ciudad Deportiva Jos\u00e9 \u00c1ngel Zalba\u00bb.<\/p>\n<p><strong>P\u00e9rez Aguerri:<\/strong> \u00abSer canterano del Real Zaragoza es algo muy especial. La persona que m\u00e1s me influy\u00f3 fue Manolo Villanova. Coincid\u00ed en el Arag\u00f3n y en el Real Zaragoza con \u00e9l\u00bb.<\/p>\n<p><strong>Cani:<\/strong> \u00bb De mi primera temporada en el Real Zaragoza recuerdo esa ilusi\u00f3n de poder jugar en este club. Entrenar en hierba era ya algo especial. Ram\u00f3n Lozano fue mi primer entrenador y le agradezco la confianza que tuvo en m\u00ed incluso cuando me costaba destacar por el f\u00edsico, porque hab\u00eda ni\u00f1os que se me com\u00edan\u00bb.<\/p>\n<p>\u00abYo me quedar\u00eda con todos los entrenadores que he tenido, que me ayudaron a formarme como futbolista y ser humano\u00bb-<\/p>\n<p><strong>Ram\u00f3n Lozano:<\/strong> \u00abLo que veo en los ni\u00f1os es lo mismo que ve\u00eda hace 10, 20 o 30 a\u00f1os.\u00a0 Seres humanos que sue\u00f1an con ser jugadores del Real Zaragoza.\u00a0 Arag\u00f3n es el Real Zaragoza y el Real Zaragoza es Arag\u00f3n. Eso enlaza con mucha gente que ya no est\u00e1. Me despierta un sentimiento brutal y un orgullo inmenso\u00bb.<\/p>\n<p>\u00abPor encima de todos, porque representa al Real Zaragoza desde otro \u00e1ngulo, creo que tenemos que focalizar en la familia Arregui, que ha\u00a0 estado desde el primer d\u00eda hasta ahora. Voy a pedir un fuerte aplauso porque nos representan a todos\u00bb.<\/p>\n<p>\u00abAhora tenemos la suerte de contar con un grupo extraordinario. Tenemos una nave espacial vieja pero unos astronautas extraordinarios. Me refiero a jugadores y t\u00e9cnicos\u00bb.<\/p>\n<p><strong>Alberto Zapater:<\/strong> \u00abLa Ciudad Deportiva es todo para alguien como yo. Me fui de Ejea a vivir con mis t\u00edos con 12 a\u00f1os y me cost\u00f3 mucho los primeros a\u00f1os, pero soy lo que soy gracias al f\u00fatbol, al Real Zaragoza y a la existencia de la Ciudad Deportiva. Aprend\u00ed los valores de todos los que me formaron, de las l\u00e1grimas de Ram\u00f3n Lozano sentado en un bal\u00f3n llorando y d\u00e1ndonos una charla tras una derrota&#8230; Para un ni\u00f1o era especial entrenar tan cerca del primer equipo y de la alfombra del campo que ten\u00edan&#8230; De vez en cuando dejaban abierta la puerta del vestuario\u00a0 y ve\u00edamos las botas y so\u00f1abas con estar ah\u00ed alg\u00fan d\u00eda\u00bb.<\/p>\n<p>Condecoraciones a ocho personalidades por su pasi\u00f3n y compromiso con la Ciudad Deportiva:<\/p>\n<ul>\n<li>Al presidente e impulsor de las instalaciones\u00a0<strong>Jos\u00e9 \u00c1ngel Zalba<\/strong>, recogido por su hijo Jos\u00e9 \u00c1ngel Zalba. Entregado por Cristina Garc\u00eda, Directora General de Deportes del Gobierno de Arag\u00f3n.<\/li>\n<li>Al vicepresidente y arquitecto de la Ciudad Deportiva\u00a0<strong>Julio Descart\u00edn<\/strong>, recogido por su viuda Pilar Blesa. Entregado por F\u00e9lix Brocate, Concejal de Deportes del Ayuntamiento de Zaragoza.<\/li>\n<li>Al Director de la Ciudad Deportiva\u00a0<strong>Javier Ruiz de Lazcano, &#8216;Chirri&#8217;<\/strong>, recogido por su hermano\u00a0<a title=\"Miguel \u00c1ngel\" href=\"https:\/\/www.youtube.com\/watch?v=ejqJc3ZfLnc\" target=\"_blank\" rel=\"noopener\">Miguel \u00c1ngel<\/a>. Entregado por el actual jugador del primer equipo Francho Serrano.<\/li>\n<li>Al responsable de las instalaciones\u00a0<strong>Paco Arregui<\/strong>, recogido por su viuda Esther Borao. Entregado por Ram\u00f3n Lozano, Director actual de la Ciudad Deportiva.<\/li>\n<li>A la seguidora m\u00e1s fiel de la Ciudad Deportiva,\u00a0<a title=\"Elena Cuesta\" href=\"https:\/\/www.realzaragoza.com\/videos\/elena-trae-medidas-para-nuestros-zagales-shorts-football-academy-vgs85uiqou8\" target=\"_blank\" rel=\"noopener\"><strong>Elena Cuesta<\/strong><\/a>, entregado por el Director General del Real Zaragoza Fernando L\u00f3pez.<\/li>\n<li>Al primer canterano en surgir de la Ciudad Deportiva y debutar en el primer equipo,\u00a0<strong>Emilio Su\u00e1rez<\/strong>, entregado por Cristina Llop, secretaria del Consejo de Administraci\u00f3n del Real Zaragoza.<\/li>\n<li>Al t\u00e9cnico\u00a0<strong>Carlos Rojo<\/strong>, entregado por Manuel Torralba, Presidente de la Federaci\u00f3n Aragonesa de F\u00fatbol.<\/li>\n<li>A\u00a0<strong>Joaqu\u00edn Castillo<\/strong>, soporte de jugadores y aficionados de la Ciudad Deportiva, recogido por su nieto \u00c1ngel Lafita. Entregado por Juan Florit, responsable del \u00c1rea de Proyectos Deportivos de LaLiga.<\/li>\n<\/ul>\n<blockquote class=\"twitter-tweet\">\n<p dir=\"ltr\" lang=\"es\">Los nuestros<\/p>\n<p><a href=\"https:\/\/t.co\/1eqFqDc1Iu\">pic.twitter.com\/1eqFqDc1Iu<\/a><\/p>\n<p>\u2014 Real Zaragoza (@RealZaragoza) <a href=\"https:\/\/twitter.com\/RealZaragoza\/status\/1858574353740222494?ref_src=twsrc%5Etfw\">November 18, 2024<\/a><\/p><\/blockquote>\n<p><script async src=\"https:\/\/platform.twitter.com\/widgets.js\" charset=\"utf-8\"><\/script><\/p>\n<blockquote class=\"twitter-tweet\">\n<p dir=\"ltr\" lang=\"es\">&#x200d; Los y <a href=\"https:\/\/t.co\/M3NLNkkO0h\">pic.twitter.com\/M3NLNkkO0h<\/a><\/p>\n<p>\u2014 Real Zaragoza (@RealZaragoza) <a href=\"https:\/\/twitter.com\/RealZaragoza\/status\/1858574740169904521?ref_src=twsrc%5Etfw\">November 18, 2024<\/a><\/p><\/blockquote>\n<p><script async src=\"https:\/\/platform.twitter.com\/widgets.js\" charset=\"utf-8\"><\/script><\/p>\n<blockquote class=\"twitter-tweet\">\n<p dir=\"ltr\" lang=\"es\">Ya llegan algunas de nuestras leyendas al <a href=\"https:\/\/twitter.com\/AuditorioZGZ?ref_src=twsrc%5Etfw\">@AuditorioZGZ<\/a> <a href=\"https:\/\/t.co\/KRfq6HHfy4\">pic.twitter.com\/KRfq6HHfy4<\/a><\/p>\n<p>\u2014 Real Zaragoza (@RealZaragoza) <a href=\"https:\/\/twitter.com\/RealZaragoza\/status\/1858571036083777891?ref_src=twsrc%5Etfw\">November 18, 2024<\/a><\/p><\/blockquote>\n<p><script async src=\"https:\/\/platform.twitter.com\/widgets.js\" charset=\"utf-8\"><\/script><\/p>\n<blockquote class=\"twitter-tweet\">\n<p dir=\"ltr\" lang=\"is\"><a href=\"https:\/\/t.co\/linJB8Sbgf\">pic.twitter.com\/linJB8Sbgf<\/a><\/p>\n<p>\u2014 Real Zaragoza (@RealZaragoza) <a href=\"https:\/\/twitter.com\/RealZaragoza\/status\/1858573422382707012?ref_src=twsrc%5Etfw\">November 18, 2024<\/a><\/p><\/blockquote>\n<p><script async src=\"https:\/\/platform.twitter.com\/widgets.js\" charset=\"utf-8\"><\/script><\/p>\n<blockquote class=\"twitter-tweet\">\n<p dir=\"ltr\" lang=\"ca\">Don Andoni Cedr\u00fan <a href=\"https:\/\/t.co\/CMQVtdgps5\">pic.twitter.com\/CMQVtdgps5<\/a><\/p>\n<p>\u2014 Real Zaragoza (@RealZaragoza) <a href=\"https:\/\/twitter.com\/RealZaragoza\/status\/1858580446591820233?ref_src=twsrc%5Etfw\">November 18, 2024<\/a><\/p><\/blockquote>\n<p><script async src=\"https:\/\/platform.twitter.com\/widgets.js\" charset=\"utf-8\"><\/script><\/p>\n<blockquote class=\"twitter-tweet\">\n<p dir=\"ltr\" lang=\"es\">El zaragocismo de un chico que sali\u00f3 de la Ciudad Deportiva<\/p>\n<p>Puro Alberto Zapater <a href=\"https:\/\/t.co\/kPqf5djmOM\">pic.twitter.com\/kPqf5djmOM<\/a><\/p>\n<p>\u2014 Real Zaragoza (@RealZaragoza) <a href=\"https:\/\/twitter.com\/RealZaragoza\/status\/1858591435139735615?ref_src=twsrc%5Etfw\">November 18, 2024<\/a><\/p><\/blockquote>\n<p><script async src=\"https:\/\/platform.twitter.com\/widgets.js\" charset=\"utf-8\"><\/script><\/p>\n","protected":false},"excerpt":{"rendered":"<p>\u00c1ngel Aznar: \u00abCuando entr\u00e9 de presidente en 1984 sab\u00eda perfectamente lo que significaba la Ciudad Deportiva y que hab\u00eda que dejar seguir lo que estaban haciendo. Nuestra junta directiva continu\u00f3 con ese camino. Llegar a la Ciudad Deportiva da sensaci\u00f3n de felicidad. Ver que los ni\u00f1os pod\u00edan jugar en esas <a class=\"read-more\" href=\"https:\/\/principesdeparis.es\/principes\/los-mejores-testimonios-del-50o-aniversario-de-la-ciudad-deportiva\/\">Sigue leyendo<\/a><\/p>\n","protected":false},"author":2,"featured_media":17204,"comment_status":"open","ping_status":"open","sticky":false,"template":"","format":"standard","meta":{"footnotes":""},"categories":[13,1],"tags":[],"class_list":["post-17203","post","type-post","status-publish","format-standard","has-post-thumbnail","hentry","category-publicidad","category-real-zaragoza"],"_links":{"self":[{"href":"https:\/\/principesdeparis.es\/principes\/wp-json\/wp\/v2\/posts\/17203","targetHints":{"allow":["GET"]}}],"collection":[{"href":"https:\/\/principesdeparis.es\/principes\/wp-json\/wp\/v2\/posts"}],"about":[{"href":"https:\/\/principesdeparis.es\/principes\/wp-json\/wp\/v2\/types\/post"}],"author":[{"embeddable":true,"href":"https:\/\/principesdeparis.es\/principes\/wp-json\/wp\/v2\/users\/2"}],"replies":[{"embeddable":true,"href":"https:\/\/principesdeparis.es\/principes\/wp-json\/wp\/v2\/comments?post=17203"}],"version-history":[{"count":3,"href":"https:\/\/principesdeparis.es\/principes\/wp-json\/wp\/v2\/posts\/17203\/revisions"}],"predecessor-version":[{"id":17208,"href":"https:\/\/principesdeparis.es\/principes\/wp-json\/wp\/v2\/posts\/17203\/revisions\/17208"}],"wp:featuredmedia":[{"embeddable":true,"href":"https:\/\/principesdeparis.es\/principes\/wp-json\/wp\/v2\/media\/17204"}],"wp:attachment":[{"href":"https:\/\/principesdeparis.es\/principes\/wp-json\/wp\/v2\/media?parent=17203"}],"wp:term":[{"taxonomy":"category","embeddable":true,"href":"https:\/\/principesdeparis.es\/principes\/wp-json\/wp\/v2\/categories?post=17203"},{"taxonomy":"post_tag","embeddable":true,"href":"https:\/\/principesdeparis.es\/principes\/wp-json\/wp\/v2\/tags?post=17203"}],"curies":[{"name":"wp","href":"https:\/\/api.w.org\/{rel}","templated":true}]}}