{"id":17285,"date":"2024-11-27T15:16:23","date_gmt":"2024-11-27T15:16:23","guid":{"rendered":"https:\/\/principesdeparis.es\/principes\/?p=17285"},"modified":"2024-11-27T15:16:23","modified_gmt":"2024-11-27T15:16:23","slug":"gloria-swanson-y-maguregui-en-el-crepusculo-de-los-dioses","status":"publish","type":"post","link":"https:\/\/principesdeparis.es\/principes\/gloria-swanson-y-maguregui-en-el-crepusculo-de-los-dioses\/","title":{"rendered":"Gloria Swanson y Maguregui en &#8216;El Crep\u00fasculo de los dioses&#8217;"},"content":{"rendered":"<p>Seg\u00fan el breve documental pactado y ofrecido ayer por la televisi\u00f3n de casi todos los aragoneses en la que se vio a un V\u00edctor Fern\u00e1ndez utilizando los minutos de activaci\u00f3n para interpretar un <em>biopic<\/em> de Maguregui, uno de los entrenadores que mejor representa la ideolog\u00eda defensiva m\u00e1s primaria en la historia de este deporte en Espa\u00f1a, el Real Zaragoza y el propio t\u00e9cnico aragon\u00e9s est\u00e1n perdidos en un callej\u00f3n sin aparente salida. V\u00edctor apareci\u00f3 en el campo de entrenamiento como una gloria trasnochada del celuloide, muy a la Gloria Swanson en<em> El Crep\u00fasculo de los dioses<\/em>, para recriminar a sus futbolistas con una arenga guionizada de frases inconexas la celebraci\u00f3n de un gol de Francho. Lo que ahora le interesa es que se felicite al que defienda con m\u00e1s rigor. Despu\u00e9s de 16 jornadas se ha percatado de que la criatura de la que no se sabe a\u00fan si es padre biol\u00f3gico o putativo es una aut\u00e9ntico coladero y que incumple sus deseos de ir a por el ascenso con un festival atacante. La cuesti\u00f3n es si en esas tomas tan &#8216;improvisadas&#8217; fue sincero, que no lo parece por lo amateur de las secuencias, o se est\u00e1 planteando proteger m\u00e1s al equipo en pr\u00f3ximos encuentros.<\/p>\n<p>Si no tiene m\u00e1s de lo que hay, \u00e9l es el gran responsable porque la propiedad le dio a elegir en verano con las consecuentes restricciones econ\u00f3micas que establece el l\u00edmite salarial, por otra parte el m\u00e1s generoso de las doce campa\u00f1as que lleva el Real Zaragoza en Segunda. Nadie ha conseguido que cambie su paladar por un f\u00fatbol determinado y en este caso suicida porque no dispone de jugadores para ejecutarlo por mucho que los delanteros quieran darle la raz\u00f3n. El ritmo de puntaje es todav\u00eda de aspirante a la sexta plaza al final de la competici\u00f3n, pero a cada jornada que se desprende del calendario se abre un abismo competitivo frente a cualquier rival que se enfrente por lo que se refiere a los conceptos b\u00e1sicos. \u00bfQu\u00e9 va a hacer en la visita del Albacete? \u00bfJugar con tres centrales, uno de ellos Jair, y dos pivotes posicionales en lugar de un par de volantes? \u00bfSentar a Aketxe para para recuperar el rombo y sumar un tercer hombre de m\u00e1s trabajo a la medular? \u00bfMeter a Francho por detr\u00e1s de la pareja innegociable de delanteros para que ejerza como tap\u00f3n? Se admiten todo tipo de apuestas en esta ruleta de giros demenciales. Incluso que no mueva ni una pesta\u00f1a de su sistema habitual y que Ares vuelva a salir en lugar de Liso.<\/p>\n<p>Hay que recordar que el Real Zaragoza juega para ascender seg\u00fan la propiedad en voz de su director general, de V\u00edctor Fern\u00e1ndez, de Juan Carlos Cordero y de una afici\u00f3n muy mosca y que ya no va admitir otra meta. Que est\u00e9 fuera del tren de los seis mejores no es una tragedia; que lo haga al caer el tel\u00f3n en la jornada 42 tendr\u00eda unos efectos devastadores porque se ha insistido tanto que el \u00e9xito est\u00e1 ligado directamente a la figura mesi\u00e1nica del entrenador, que el ate\u00edsmo podr\u00eda instalarse como religi\u00f3n oficial entre los seguidores. Pero s\u00ed hay vida despu\u00e9s de V\u00edctor Fern\u00e1ndez, visiblemente afectado porque rectificar significa reconocer su fracaso. El Real Zaragoza ha subido en sus tres \u00faltimos intentos por la v\u00eda r\u00e1pida con Arsenio Iglesias, Paco Flores y Marcelino Garc\u00eda Toral, ajenos al zaragocismo militante y, salvo el catal\u00e1n con la Copa que hab\u00eda conquistado con el Espanyol, sin apenas medallas en la pechera. Es cierto, y hay que subrayarlo, que en otros contextos.<\/p>\n<p>Esta ocasi\u00f3n, la empresa viene condicionada por doce a\u00f1os consecutivos en la categor\u00eda y la promesa por parte de todos los responsables del club de que se iba a construir la nave perfecta para un vuelo cat\u00e1rtico. De repente, la soluci\u00f3n est\u00e1 en el mercado de invierno, donde se han enviado ya numerosos mensajes de socorro para el rescate de un aparato que pierde aceite por toda la galaxia. La pregunta es obligada: \u00bfen el supuesto de que se fichen tres o cuatro futbolistas determinantes, est\u00e1 capacitado V\u00edctor Fern\u00e1ndez para retomar su papel de Luke Skywalker mientras plagia a Maguregui frente a las c\u00e1maras? Demasiados lados oscuros.<\/p>\n","protected":false},"excerpt":{"rendered":"<p>Seg\u00fan el breve documental pactado y ofrecido ayer por la televisi\u00f3n de casi todos los aragoneses en la que se vio a un V\u00edctor Fern\u00e1ndez utilizando los minutos de activaci\u00f3n para interpretar un biopic de Maguregui, uno de los entrenadores que mejor representa la ideolog\u00eda defensiva m\u00e1s primaria en la <a class=\"read-more\" href=\"https:\/\/principesdeparis.es\/principes\/gloria-swanson-y-maguregui-en-el-crepusculo-de-los-dioses\/\">Sigue leyendo<\/a><\/p>\n","protected":false},"author":2,"featured_media":17286,"comment_status":"open","ping_status":"open","sticky":false,"template":"","format":"standard","meta":{"footnotes":""},"categories":[13,1],"tags":[],"class_list":["post-17285","post","type-post","status-publish","format-standard","has-post-thumbnail","hentry","category-publicidad","category-real-zaragoza"],"_links":{"self":[{"href":"https:\/\/principesdeparis.es\/principes\/wp-json\/wp\/v2\/posts\/17285","targetHints":{"allow":["GET"]}}],"collection":[{"href":"https:\/\/principesdeparis.es\/principes\/wp-json\/wp\/v2\/posts"}],"about":[{"href":"https:\/\/principesdeparis.es\/principes\/wp-json\/wp\/v2\/types\/post"}],"author":[{"embeddable":true,"href":"https:\/\/principesdeparis.es\/principes\/wp-json\/wp\/v2\/users\/2"}],"replies":[{"embeddable":true,"href":"https:\/\/principesdeparis.es\/principes\/wp-json\/wp\/v2\/comments?post=17285"}],"version-history":[{"count":1,"href":"https:\/\/principesdeparis.es\/principes\/wp-json\/wp\/v2\/posts\/17285\/revisions"}],"predecessor-version":[{"id":17287,"href":"https:\/\/principesdeparis.es\/principes\/wp-json\/wp\/v2\/posts\/17285\/revisions\/17287"}],"wp:featuredmedia":[{"embeddable":true,"href":"https:\/\/principesdeparis.es\/principes\/wp-json\/wp\/v2\/media\/17286"}],"wp:attachment":[{"href":"https:\/\/principesdeparis.es\/principes\/wp-json\/wp\/v2\/media?parent=17285"}],"wp:term":[{"taxonomy":"category","embeddable":true,"href":"https:\/\/principesdeparis.es\/principes\/wp-json\/wp\/v2\/categories?post=17285"},{"taxonomy":"post_tag","embeddable":true,"href":"https:\/\/principesdeparis.es\/principes\/wp-json\/wp\/v2\/tags?post=17285"}],"curies":[{"name":"wp","href":"https:\/\/api.w.org\/{rel}","templated":true}]}}