{"id":17289,"date":"2024-11-27T16:43:05","date_gmt":"2024-11-27T16:43:05","guid":{"rendered":"https:\/\/principesdeparis.es\/principes\/?p=17289"},"modified":"2024-11-27T16:43:05","modified_gmt":"2024-11-27T16:43:05","slug":"el-real-zaragoza-vuelve-a-la-copa-frente-al-granada","status":"publish","type":"post","link":"https:\/\/principesdeparis.es\/principes\/el-real-zaragoza-vuelve-a-la-copa-frente-al-granada\/","title":{"rendered":"El Real Zaragoza vuelve a la Copa frente al Granada"},"content":{"rendered":"<p>El Real Zaragoza ha quedado emparejado con el Granada, actualmente dirigido por Fran Escrib\u00e1, en la segunda ronda de la Copa que se ha sorteado este ma\u00f1ana en Las Rozas. La eliminatoria se celebrar\u00e1 en La Romareda entre el 2 y el 5 de diciembre. Esta ser\u00e1 la sexta ocasi\u00f3n en la que coinciden ambos equipos en el torneo del KO, con el conjunto aragon\u00e9s victorioso en las cinco ocasiones anteriores. En los dieciseisavos de la temporada 61-62, el equipo que entrenaba C\u00e9sar dej\u00f3 el asunto qued\u00f3\u00a0 resuelto en El Municipal con una goleada, 5-1, que firmaron Murillo con un par de tantos, Seminario, Marcelino y Reija. En el curso 1975-1976, y despu\u00e9s de un competid\u00edsimo 3-3 en Los C\u00e1rmenes, el conjunto aragon\u00e9s sentenci\u00f3 el doble duelo de octavos con un 3-1 en la vuelta.\u00a0 En la cuarta ronda de la 76-77,\u00a0 el Real Zaragoza gan\u00f3 ante su afici\u00f3n (1-1) y firm\u00f3 tablas en terreno andaluz (1-1). El cruce m\u00e1s equilibrado tuvo lugar en los dieciseisavos del a\u00f1o del \u00faltimo descenso a Segunda, con triunfo de los blanquillos en la ida (1-0) y derrota en el segundo partido, la \u00fanica hasta el momento (2-1). El doble valor del gol a domicilio dio el pase al Real Zaragoza, que volvi\u00f3 a medirse al Granada en la 2017-2018 en segunda ronda a un s\u00f3lo encuentro en La Romareda con goleada local. El 3-0 fue obra de Borja Iglesias, Benito y Pombo,<\/p>\n","protected":false},"excerpt":{"rendered":"<p>El Real Zaragoza ha quedado emparejado con el Granada, actualmente dirigido por Fran Escrib\u00e1, en la segunda ronda de la Copa que se ha sorteado este ma\u00f1ana en Las Rozas. La eliminatoria se celebrar\u00e1 en La Romareda entre el 2 y el 5 de diciembre. Esta ser\u00e1 la sexta ocasi\u00f3n <a class=\"read-more\" href=\"https:\/\/principesdeparis.es\/principes\/el-real-zaragoza-vuelve-a-la-copa-frente-al-granada\/\">Sigue leyendo<\/a><\/p>\n","protected":false},"author":2,"featured_media":17291,"comment_status":"open","ping_status":"open","sticky":false,"template":"","format":"standard","meta":{"footnotes":""},"categories":[13,1],"tags":[],"class_list":["post-17289","post","type-post","status-publish","format-standard","has-post-thumbnail","hentry","category-publicidad","category-real-zaragoza"],"_links":{"self":[{"href":"https:\/\/principesdeparis.es\/principes\/wp-json\/wp\/v2\/posts\/17289","targetHints":{"allow":["GET"]}}],"collection":[{"href":"https:\/\/principesdeparis.es\/principes\/wp-json\/wp\/v2\/posts"}],"about":[{"href":"https:\/\/principesdeparis.es\/principes\/wp-json\/wp\/v2\/types\/post"}],"author":[{"embeddable":true,"href":"https:\/\/principesdeparis.es\/principes\/wp-json\/wp\/v2\/users\/2"}],"replies":[{"embeddable":true,"href":"https:\/\/principesdeparis.es\/principes\/wp-json\/wp\/v2\/comments?post=17289"}],"version-history":[{"count":1,"href":"https:\/\/principesdeparis.es\/principes\/wp-json\/wp\/v2\/posts\/17289\/revisions"}],"predecessor-version":[{"id":17290,"href":"https:\/\/principesdeparis.es\/principes\/wp-json\/wp\/v2\/posts\/17289\/revisions\/17290"}],"wp:featuredmedia":[{"embeddable":true,"href":"https:\/\/principesdeparis.es\/principes\/wp-json\/wp\/v2\/media\/17291"}],"wp:attachment":[{"href":"https:\/\/principesdeparis.es\/principes\/wp-json\/wp\/v2\/media?parent=17289"}],"wp:term":[{"taxonomy":"category","embeddable":true,"href":"https:\/\/principesdeparis.es\/principes\/wp-json\/wp\/v2\/categories?post=17289"},{"taxonomy":"post_tag","embeddable":true,"href":"https:\/\/principesdeparis.es\/principes\/wp-json\/wp\/v2\/tags?post=17289"}],"curies":[{"name":"wp","href":"https:\/\/api.w.org\/{rel}","templated":true}]}}