{"id":17292,"date":"2024-11-28T09:48:12","date_gmt":"2024-11-28T09:48:12","guid":{"rendered":"https:\/\/principesdeparis.es\/principes\/?p=17292"},"modified":"2024-11-28T09:48:12","modified_gmt":"2024-11-28T09:48:12","slug":"la-ventana-abierta-y-el-real-zaragoza-cerrado","status":"publish","type":"post","link":"https:\/\/principesdeparis.es\/principes\/la-ventana-abierta-y-el-real-zaragoza-cerrado\/","title":{"rendered":"La ventana abierta y el Real Zaragoza cerrado"},"content":{"rendered":"<p>Disfruto con un est\u00edmulo superior al er\u00f3tico las actividades de comunicaci\u00f3n de las diferentes capas interesadas en un zaragocismo \u00fanico y sin capacidad de una opini\u00f3n diferente a la generada por el grupo interesado y sus sirvientes. A veces creen encontrar una forma de informaci\u00f3n indirecta y aparentemente basada en la casualidad y en la sorpresa. El primer \u00abperi\u00f3dico\u00bb del que se tiene referencia fue La Gaceta del Senado, una relaci\u00f3n repetida con frecuencia que se publicaba durante el imperio Romano para expresar, sin an\u00e1lisis ni opini\u00f3n, las decisiones de sus miembros. Tenemos que esperar hasta 1457 para conocer el predecesor, el Nurenberg Zeitung alem\u00e1n, diecisiete a\u00f1os despu\u00e9s de la invenci\u00f3n de la imprenta por Gutenberg. La Gaceta de Madrid, en 1661, fue el medio de comunicaci\u00f3n originario escrito en Espa\u00f1a, mientras que en Arag\u00f3n fue el Diario de Zaragoza en 1797. Se ha cumplido un siglo de la radio en Espa\u00f1a y la televisi\u00f3n entr\u00f3 en los hogares espa\u00f1oles en 1952 con la transmisi\u00f3n del partido de f\u00fatbol entre el Real Madrid y el Racing de Santander. Y en mi caso, mi primera actividad en las ondas se remonta a 1976.<\/p>\n<p>Quiero decir con esto que ya est\u00e1 todo inventado y que solamente la tecnolog\u00eda aporta sistemas nuevos de posibilidad de comunicaci\u00f3n que, a veces, se convierten en un sumidero de noticias no contrastadas, medias verdades o informaciones interesadas. En el Real Zaragoza ya no habla nadie excepto el entrenador en las ruedas de prensa previas y posteriores a los partidos. Por eso sonr\u00edo cuando un medio p\u00fablico tan cercano al club a trav\u00e9s de la empresa privada aprovecha los minutos donde pueden estar los medios de comunicaci\u00f3n para grabar la voz de V\u00edctor Fern\u00e1ndez comentando con energ\u00eda a sus jugadores sobre la necesidad de no encajar goles y de aplaudir en los entrenamientos la prioridad defensiva para trasladarla a los partidos.<\/p>\n<p>Es como dejar abierta la ventana de la cocina para que en el patio de luces se escuche una discusi\u00f3n familiar y los vecinos sepan las opiniones de cada uno de sus miembros en beneficio de alguno de ellos. Pues ya sabemos que la idea actual del club trasladada al t\u00e9cnico es jugar mirando atr\u00e1s y cerrando los huecos, algo que ya saben los jugadores y el p\u00fablico para conocimiento de todos y que no coincide con el germen plantado por el entrenador aragon\u00e9s desde comienzos de los noventa del siglo pasado.<\/p>\n","protected":false},"excerpt":{"rendered":"<p>Disfruto con un est\u00edmulo superior al er\u00f3tico las actividades de comunicaci\u00f3n de las diferentes capas interesadas en un zaragocismo \u00fanico y sin capacidad de una opini\u00f3n diferente a la generada por el grupo interesado y sus sirvientes. A veces creen encontrar una forma de informaci\u00f3n indirecta y aparentemente basada en <a class=\"read-more\" href=\"https:\/\/principesdeparis.es\/principes\/la-ventana-abierta-y-el-real-zaragoza-cerrado\/\">Sigue leyendo<\/a><\/p>\n","protected":false},"author":3,"featured_media":17010,"comment_status":"open","ping_status":"open","sticky":false,"template":"","format":"standard","meta":{"footnotes":""},"categories":[16,13],"tags":[],"class_list":["post-17292","post","type-post","status-publish","format-standard","has-post-thumbnail","hentry","category-el10","category-publicidad"],"_links":{"self":[{"href":"https:\/\/principesdeparis.es\/principes\/wp-json\/wp\/v2\/posts\/17292","targetHints":{"allow":["GET"]}}],"collection":[{"href":"https:\/\/principesdeparis.es\/principes\/wp-json\/wp\/v2\/posts"}],"about":[{"href":"https:\/\/principesdeparis.es\/principes\/wp-json\/wp\/v2\/types\/post"}],"author":[{"embeddable":true,"href":"https:\/\/principesdeparis.es\/principes\/wp-json\/wp\/v2\/users\/3"}],"replies":[{"embeddable":true,"href":"https:\/\/principesdeparis.es\/principes\/wp-json\/wp\/v2\/comments?post=17292"}],"version-history":[{"count":1,"href":"https:\/\/principesdeparis.es\/principes\/wp-json\/wp\/v2\/posts\/17292\/revisions"}],"predecessor-version":[{"id":17293,"href":"https:\/\/principesdeparis.es\/principes\/wp-json\/wp\/v2\/posts\/17292\/revisions\/17293"}],"wp:featuredmedia":[{"embeddable":true,"href":"https:\/\/principesdeparis.es\/principes\/wp-json\/wp\/v2\/media\/17010"}],"wp:attachment":[{"href":"https:\/\/principesdeparis.es\/principes\/wp-json\/wp\/v2\/media?parent=17292"}],"wp:term":[{"taxonomy":"category","embeddable":true,"href":"https:\/\/principesdeparis.es\/principes\/wp-json\/wp\/v2\/categories?post=17292"},{"taxonomy":"post_tag","embeddable":true,"href":"https:\/\/principesdeparis.es\/principes\/wp-json\/wp\/v2\/tags?post=17292"}],"curies":[{"name":"wp","href":"https:\/\/api.w.org\/{rel}","templated":true}]}}