{"id":17302,"date":"2024-11-29T14:01:15","date_gmt":"2024-11-29T14:01:15","guid":{"rendered":"https:\/\/principesdeparis.es\/principes\/?p=17302"},"modified":"2024-11-29T14:08:24","modified_gmt":"2024-11-29T14:08:24","slug":"victor-nos-interesa-atacar-al-albacete-somos-mas-fuertes","status":"publish","type":"post","link":"https:\/\/principesdeparis.es\/principes\/victor-nos-interesa-atacar-al-albacete-somos-mas-fuertes\/","title":{"rendered":"V\u00edctor: \u00abNos interesa atacar al Albacete, somos m\u00e1s fuertes\u00bb"},"content":{"rendered":"<p><strong>Aketxe, Sober\u00f3n&#8230;:\u00a0<\/strong> \u00abA excepci\u00f3n de Sober\u00f3n, Kosa y\u00a0 Borge todos est\u00e1n bien y en disposici\u00f3n de jugar. Mario es el primer d\u00eda que ha hecho un entrenamiento completo y vemos un poco la luz\u00bb.<\/p>\n<p><strong>Trabajo defensivo:<\/strong> \u00abMe causa sorpresa que esta semana se tenga en cuenta que hemos trabajado el aspecto defensivo. Me causa estupor. Siempre lo hacemos, tambi\u00e9n el trabajo ofensivo. Yo no priorizo la porter\u00eda a cero si no ganar. El f\u00fatbol es todo. Esta semana no ha cambiado nado respecto a c\u00f3mo hemos hecho el trabajo defensivo siempre\u00bb.<\/p>\n<p><strong>La Romareda:<\/strong> \u00abSiempre es muy importante ganar y hacerlo en casa. Los tres puntos es lo que marca diferencias. Cada partido es una sorpresa. Nosotros debemos vencer al Albacete porque es nuestra intenci\u00f3n, porque vienes de empatar y de cuatro partidos sin perder y porque jugamos en casa\u00bb.<\/p>\n<p><strong>Duelos individuales:<\/strong> \u00abSon fundamentales durante todos los minutos y en todas las partes. No tenemos buenos porcentajes y no somos poderosos en ese aspecto. No ganar duelos nos provoca m\u00e1s problemas. Debemos mejorar y hacia eso dirigimos entrenamientos.\u00a0 Te da mucho en el f\u00fatbol y hemos de elevar el porcentaje en duelos ganadores\u00bb.<\/p>\n<p><strong>Fuera del playoff:<\/strong> \u00abEl ganar no es determinante ahora, pero estaremos mucho como mejor para las para jornadas finales si lo hacemos\u00bb.<\/p>\n<p><strong>El Albacete:<\/strong> \u00abEllos tienen unas caracter\u00edsticas de medio campo hacia arriba, con gol y experiencia, sin embargo es el equipo con m\u00e1s tantos encajados. Somos m\u00e1s fuertes en ataque y nos interesa atacarles, presionarles sin renunciar a nuestro estilo. Estamos obligados a llevar la iniciativa\u00bb.<\/p>\n<p><strong>El centro del campo:<\/strong> \u00abYa hemos jugado con tres mediocampistas de inicio y\u00a0 a lo largo del partido. Lo importante es que Bare mejore el nivel de prestaciones que ten\u00eda antes de la lesi\u00f3n\u00bb.<\/p>\n<p><strong>La Copa:<\/strong> \u00abNo toca hablar de la Copa, pero me gustar\u00eda que este torneo no acabe ahora, en 2024. Me gustar\u00eda clasificarme a\u00fan en la vieja Romareda. El Granada dispone de la plantilla m\u00e1s rica de la categor\u00eda. Quiero llegar a ese partido ganando primero al Albacete\u00bb.<\/p>\n<p><strong>Gori:<\/strong> \u00abTiene muy buenos competidores, con mucho nivel. Tiene calidad e igual que me estoy equivocando. Ya veremos si tiene opciones de jugar en la Copa\u00bb.<\/p>\n<p>&nbsp;<\/p>\n","protected":false},"excerpt":{"rendered":"<p>Aketxe, Sober\u00f3n&#8230;:\u00a0 \u00abA excepci\u00f3n de Sober\u00f3n, Kosa y\u00a0 Borge todos est\u00e1n bien y en disposici\u00f3n de jugar. Mario es el primer d\u00eda que ha hecho un entrenamiento completo y vemos un poco la luz\u00bb. Trabajo defensivo: \u00abMe causa sorpresa que esta semana se tenga en cuenta que hemos trabajado el <a class=\"read-more\" href=\"https:\/\/principesdeparis.es\/principes\/victor-nos-interesa-atacar-al-albacete-somos-mas-fuertes\/\">Sigue leyendo<\/a><\/p>\n","protected":false},"author":2,"featured_media":17305,"comment_status":"open","ping_status":"open","sticky":false,"template":"","format":"standard","meta":{"footnotes":""},"categories":[13,1],"tags":[],"class_list":["post-17302","post","type-post","status-publish","format-standard","has-post-thumbnail","hentry","category-publicidad","category-real-zaragoza"],"_links":{"self":[{"href":"https:\/\/principesdeparis.es\/principes\/wp-json\/wp\/v2\/posts\/17302","targetHints":{"allow":["GET"]}}],"collection":[{"href":"https:\/\/principesdeparis.es\/principes\/wp-json\/wp\/v2\/posts"}],"about":[{"href":"https:\/\/principesdeparis.es\/principes\/wp-json\/wp\/v2\/types\/post"}],"author":[{"embeddable":true,"href":"https:\/\/principesdeparis.es\/principes\/wp-json\/wp\/v2\/users\/2"}],"replies":[{"embeddable":true,"href":"https:\/\/principesdeparis.es\/principes\/wp-json\/wp\/v2\/comments?post=17302"}],"version-history":[{"count":4,"href":"https:\/\/principesdeparis.es\/principes\/wp-json\/wp\/v2\/posts\/17302\/revisions"}],"predecessor-version":[{"id":17307,"href":"https:\/\/principesdeparis.es\/principes\/wp-json\/wp\/v2\/posts\/17302\/revisions\/17307"}],"wp:featuredmedia":[{"embeddable":true,"href":"https:\/\/principesdeparis.es\/principes\/wp-json\/wp\/v2\/media\/17305"}],"wp:attachment":[{"href":"https:\/\/principesdeparis.es\/principes\/wp-json\/wp\/v2\/media?parent=17302"}],"wp:term":[{"taxonomy":"category","embeddable":true,"href":"https:\/\/principesdeparis.es\/principes\/wp-json\/wp\/v2\/categories?post=17302"},{"taxonomy":"post_tag","embeddable":true,"href":"https:\/\/principesdeparis.es\/principes\/wp-json\/wp\/v2\/tags?post=17302"}],"curies":[{"name":"wp","href":"https:\/\/api.w.org\/{rel}","templated":true}]}}