{"id":17312,"date":"2024-11-30T14:14:00","date_gmt":"2024-11-30T14:14:00","guid":{"rendered":"https:\/\/principesdeparis.es\/principes\/?p=17312"},"modified":"2024-11-30T14:44:49","modified_gmt":"2024-11-30T14:44:49","slug":"trivote-centrocampistas-y-aketxe-de-enganche-ofensivo-en-la-vuelta-al-rombo","status":"publish","type":"post","link":"https:\/\/principesdeparis.es\/principes\/trivote-centrocampistas-y-aketxe-de-enganche-ofensivo-en-la-vuelta-al-rombo\/","title":{"rendered":"Trivote centrocampista y Aketxe de enganche ofensivo en la vuelta al rombo"},"content":{"rendered":"<p>S\u00f3lo hay un variaci\u00f3n en el once frente al Albacete, desparece Adri\u00e1n Liso y entra Toni Moya. El cambio, sin embargo es sustancial ya que afecta al sistema del equipo, que saldr\u00e1 con tres centrocampistas, dos volantes, Bare y Francho, y un pivote posicional, el propio Moya. V\u00edctor Fern\u00e1ndez busca con esta variante proteger una medular muy debilitada y accesible para cualquier rival, ganar espacios, bal\u00f3n y duelos. Imponer una fuerte intensidad desde el primer minuto para que el grupo adquiera el m\u00fasculo competitivo y de esfuerzos continuados que ha ha perdido en las \u00faltimas jornadas y que le han sacado de la zona de playoff, a la que aspira a regresar. El dibujo tiene su l\u00f3gica, pero chirr\u00eda algo en la en\u00e9sima vuelta de tuerca para buscar la mejor versi\u00f3n posible de un Aketxe que acostado a la derecha participa poco y defiende menos. Hoy se instala en la mediapunta, como ya hizo en Elda, a la espera de que despierte de su letargo y est\u00e9 m\u00e1s pr\u00f3ximo a territorio de filtraciones y donde su zurda puede activarse con toda la potencia que le ha caracterizado a lo largo de su carrera.<\/p>\n<p>De como mezcle el trivote en la parcela de creaci\u00f3n y contenci\u00f3n innegociable depende gran parte el destino de este encuentro que se vivir\u00e1 con la tensi\u00f3n de una victoria obligada despu\u00e9s de conseguir tan s\u00f3lo una en las cinco \u00faltimas jornadas. Las ayudas defensivas crecer\u00e1n para una zaga que sufre por s\u00ed sola, pero mucho m\u00e1s desnuda de cobertura alguna como bien sabe Tasende. El nuevo negocio de V\u00edctor funcionar\u00e1 mejor o pero tambi\u00e9n en funci\u00f3n de la portaci\u00f3n\u00a0 de Aketxe, muy cerca de Bazdar y de Az\u00f3n para aprovechar sus cualidades y calidades atacantes. El problema es saber si el conjunto manchego exprime en su salida y ruptura de l\u00edneas la poca exigencia en la presi\u00f3n que sufrir\u00e1 por parte del serbo y del vizca\u00edno. Francho y Bare resultar\u00e1n claves para saltar sobre los posibles descuidos de sus compa\u00f1eros, y el lugar de Moya deber\u00eda ser para Aguado por l\u00f3gica conceptual ya que el canterano es el que mejor maniobra en ese espacio.<\/p>\n<p>El encuentro no es sencillo para ninguno de los dos. El Real Zaragoza intenta hallar en el caj\u00f3n de las personalidades una que le sea \u00fatil para justificar y revalorizar su permanente apuesta ofensiva, El Albacete sufre del mismo mal que los aragoneses, una conservaci\u00f3n precaria de su granero, y derrocha las mismas virtudes, un arsenal at\u00f3mico con Higinio, Quiles y Fidel, aunque este \u00faltimo partir\u00e1 desde el banquillo.\u00a0 Monta una doble capara de seguridad el equipo de V\u00edctor Fern\u00e1ndez, que ya ha entendido que no siempre uno puede jugar como le gustar\u00eda. Quiz\u00e1s si Liso, con mayor trabajo, excelente pegada y un desborde superior,\u00a0 hubiese actuado en la garita de Aketxe y Aguado en el de Moya, el plan hubiese sido m\u00e1s redondo en teor\u00eda.<\/p>\n<p><strong>La alineaci\u00f3n del Albacete<\/strong><\/p>\n<blockquote class=\"twitter-tweet\">\n<p dir=\"ltr\" lang=\"es\"><a href=\"https:\/\/t.co\/atZmGNcZYq\">pic.twitter.com\/atZmGNcZYq<\/a><\/p>\n<p>\u2014 Albacete Balompi\u00e9 (@AlbaceteBPSAD) <a href=\"https:\/\/twitter.com\/AlbaceteBPSAD\/status\/1862859028184936894?ref_src=twsrc%5Etfw\">November 30, 2024<\/a><\/p><\/blockquote>\n<p><script async src=\"https:\/\/platform.twitter.com\/widgets.js\" charset=\"utf-8\"><\/script><\/p>\n","protected":false},"excerpt":{"rendered":"<p>S\u00f3lo hay un variaci\u00f3n en el once frente al Albacete, desparece Adri\u00e1n Liso y entra Toni Moya. El cambio, sin embargo es sustancial ya que afecta al sistema del equipo, que saldr\u00e1 con tres centrocampistas, dos volantes, Bare y Francho, y un pivote posicional, el propio Moya. V\u00edctor Fern\u00e1ndez busca <a class=\"read-more\" href=\"https:\/\/principesdeparis.es\/principes\/trivote-centrocampistas-y-aketxe-de-enganche-ofensivo-en-la-vuelta-al-rombo\/\">Sigue leyendo<\/a><\/p>\n","protected":false},"author":2,"featured_media":17313,"comment_status":"open","ping_status":"open","sticky":false,"template":"","format":"standard","meta":{"footnotes":""},"categories":[13,1],"tags":[],"class_list":["post-17312","post","type-post","status-publish","format-standard","has-post-thumbnail","hentry","category-publicidad","category-real-zaragoza"],"_links":{"self":[{"href":"https:\/\/principesdeparis.es\/principes\/wp-json\/wp\/v2\/posts\/17312","targetHints":{"allow":["GET"]}}],"collection":[{"href":"https:\/\/principesdeparis.es\/principes\/wp-json\/wp\/v2\/posts"}],"about":[{"href":"https:\/\/principesdeparis.es\/principes\/wp-json\/wp\/v2\/types\/post"}],"author":[{"embeddable":true,"href":"https:\/\/principesdeparis.es\/principes\/wp-json\/wp\/v2\/users\/2"}],"replies":[{"embeddable":true,"href":"https:\/\/principesdeparis.es\/principes\/wp-json\/wp\/v2\/comments?post=17312"}],"version-history":[{"count":7,"href":"https:\/\/principesdeparis.es\/principes\/wp-json\/wp\/v2\/posts\/17312\/revisions"}],"predecessor-version":[{"id":17320,"href":"https:\/\/principesdeparis.es\/principes\/wp-json\/wp\/v2\/posts\/17312\/revisions\/17320"}],"wp:featuredmedia":[{"embeddable":true,"href":"https:\/\/principesdeparis.es\/principes\/wp-json\/wp\/v2\/media\/17313"}],"wp:attachment":[{"href":"https:\/\/principesdeparis.es\/principes\/wp-json\/wp\/v2\/media?parent=17312"}],"wp:term":[{"taxonomy":"category","embeddable":true,"href":"https:\/\/principesdeparis.es\/principes\/wp-json\/wp\/v2\/categories?post=17312"},{"taxonomy":"post_tag","embeddable":true,"href":"https:\/\/principesdeparis.es\/principes\/wp-json\/wp\/v2\/tags?post=17312"}],"curies":[{"name":"wp","href":"https:\/\/api.w.org\/{rel}","templated":true}]}}