{"id":17321,"date":"2024-11-30T16:15:54","date_gmt":"2024-11-30T16:15:54","guid":{"rendered":"https:\/\/principesdeparis.es\/principes\/?p=17321"},"modified":"2024-11-30T17:13:31","modified_gmt":"2024-11-30T17:13:31","slug":"bazdar-se-rompe-y-se-despide-hasta-2025","status":"publish","type":"post","link":"https:\/\/principesdeparis.es\/principes\/bazdar-se-rompe-y-se-despide-hasta-2025\/","title":{"rendered":"Bazdar se rompe y se despide hasta 2025"},"content":{"rendered":"<p>Bazdar ha sufrido un a lesi\u00f3n de isquiotibiales en bal\u00f3n profundo que persegu\u00eda que persegu\u00eda en la recta final de la primera parte. El bosnio se fren\u00f3 en seco y abandon\u00f3 el campo con claras se\u00f1ales de dolor. Pendientes de las pruebas m\u00e9dicas y del correspondiente informe, el futbolista apunta a perderse lo que resta de campeonato en este 2024. El Real Zaragoza, adem\u00e1s del partido de Copa ante el Granada, tiene pendientes antes del par\u00f3n navide\u00f1o los encuentros contra Deportivo, Eibar y Racing de Ferrol de Ferrol. La baja es muy sensible por la propia val\u00eda del futbolista y por un regreso pendiente de Mario Sober\u00f3n, a\u00fan sin el alta, lo que podr\u00eda dejar a V\u00edctor Fern\u00e1ndez con tan s\u00f3lo Az\u00f3n y Mar\u00ed como referencias atacantes m\u00e1s avanzadas.<\/p>\n<p><em>Foto: Ortiz Remacha<\/em><\/p>\n","protected":false},"excerpt":{"rendered":"<p>Bazdar ha sufrido un a lesi\u00f3n de isquiotibiales en bal\u00f3n profundo que persegu\u00eda que persegu\u00eda en la recta final de la primera parte. El bosnio se fren\u00f3 en seco y abandon\u00f3 el campo con claras se\u00f1ales de dolor. Pendientes de las pruebas m\u00e9dicas y del correspondiente informe, el futbolista apunta <a class=\"read-more\" href=\"https:\/\/principesdeparis.es\/principes\/bazdar-se-rompe-y-se-despide-hasta-2025\/\">Sigue leyendo<\/a><\/p>\n","protected":false},"author":2,"featured_media":17327,"comment_status":"open","ping_status":"open","sticky":false,"template":"","format":"standard","meta":{"footnotes":""},"categories":[13,1],"tags":[],"class_list":["post-17321","post","type-post","status-publish","format-standard","has-post-thumbnail","hentry","category-publicidad","category-real-zaragoza"],"_links":{"self":[{"href":"https:\/\/principesdeparis.es\/principes\/wp-json\/wp\/v2\/posts\/17321","targetHints":{"allow":["GET"]}}],"collection":[{"href":"https:\/\/principesdeparis.es\/principes\/wp-json\/wp\/v2\/posts"}],"about":[{"href":"https:\/\/principesdeparis.es\/principes\/wp-json\/wp\/v2\/types\/post"}],"author":[{"embeddable":true,"href":"https:\/\/principesdeparis.es\/principes\/wp-json\/wp\/v2\/users\/2"}],"replies":[{"embeddable":true,"href":"https:\/\/principesdeparis.es\/principes\/wp-json\/wp\/v2\/comments?post=17321"}],"version-history":[{"count":4,"href":"https:\/\/principesdeparis.es\/principes\/wp-json\/wp\/v2\/posts\/17321\/revisions"}],"predecessor-version":[{"id":17326,"href":"https:\/\/principesdeparis.es\/principes\/wp-json\/wp\/v2\/posts\/17321\/revisions\/17326"}],"wp:featuredmedia":[{"embeddable":true,"href":"https:\/\/principesdeparis.es\/principes\/wp-json\/wp\/v2\/media\/17327"}],"wp:attachment":[{"href":"https:\/\/principesdeparis.es\/principes\/wp-json\/wp\/v2\/media?parent=17321"}],"wp:term":[{"taxonomy":"category","embeddable":true,"href":"https:\/\/principesdeparis.es\/principes\/wp-json\/wp\/v2\/categories?post=17321"},{"taxonomy":"post_tag","embeddable":true,"href":"https:\/\/principesdeparis.es\/principes\/wp-json\/wp\/v2\/tags?post=17321"}],"curies":[{"name":"wp","href":"https:\/\/api.w.org\/{rel}","templated":true}]}}