{"id":17347,"date":"2024-12-02T12:44:30","date_gmt":"2024-12-02T12:44:30","guid":{"rendered":"https:\/\/principesdeparis.es\/principes\/?p=17347"},"modified":"2024-12-02T12:58:34","modified_gmt":"2024-12-02T12:58:34","slug":"bazdar-se-perdera-un-minimo-de-nueve-partidos","status":"publish","type":"post","link":"https:\/\/principesdeparis.es\/principes\/bazdar-se-perdera-un-minimo-de-nueve-partidos\/","title":{"rendered":"Bazdar se perder\u00e1 un m\u00ednimo de nueve partidos"},"content":{"rendered":"<p style=\"text-align: center;\"><em><strong>La fuerte rotura que sufre en el isquiotibial de su pierna izquierda le deja fuera hasta febrero de 2025<\/strong><\/em><\/p>\n<p>El internacional bosnio Samed Bazadr no volver\u00e1 a los terrenos de juego al menos hasta principios de febrero de 2025 tras detect\u00e1rsele en una primera exploraci\u00f3n, como informa el Peri\u00f3dico de Arag\u00f3n y ha podido ratificar Pr\u00edncipes de Paris, una rotura de cinco cent\u00edmetros en el isquio de su pierna izquierda izquierda, lesi\u00f3n que sufri\u00f3 en la recta final del encuentro frente al Albacete y que le oblig\u00f3 a retirarse del campo con claras muestras de dolor. \u00abLas pruebas radiol\u00f3gicas realizadas al jugador Samed Ba\u017edar, que fue sustituido en el minuto 41 partido frente al Albacete BP, disputado el pasado s\u00e1bado d\u00eda 30 de noviembre en La Romareda, confirman que tiene una lesi\u00f3n muscular a nivel de la musculatura isquiotibial de su pierna izquierda\u00bb, explica el club en su web tras el examen que ha pasado hoy.<\/p>\n<p>El delantero, por lo tanto, se perder\u00eda los pr\u00f3ximos nueve encuentros, incluido el de ma\u00f1ana de Copa contra el Granada, a la espera de que su evoluci\u00f3n sea la adecuada y no se produzca ning\u00fan contratiempo m\u00e1s en ese par de meses. El futbolista necesitar\u00e1 cinco semanas para que cicatrice la herida, a un cent\u00edmetro por semana, para despu\u00e9s entrar en la fase de readaptaci\u00f3n y regreso progresivo al grupo. El delantero del Real Zaragoza se perder\u00e1 los encuentros de Liga con Deportivo, \u00c9ibar, Real Oviedo y Racing de Ferrol que cierran el 2024 y, ya en el nuevo a\u00f1o, con Elche, Tenerife, M\u00e1laga y C\u00e1diz. V\u00edctor Fern\u00e1ndez pierde a uno de sus jugadores m\u00e1s significativos de la plantilla y una pieza b\u00e1sica en sus planteamientos ofensivos. Su baja se suma a la de Mario Sober\u00f3n, quien con una microrrotura tambi\u00e9n en el isquio izquierdo desde el encuentro en Tenerife lleva ya ocho jornadas de baja,\u00a0 m\u00e1s la eliminatoria de Copa frente al L&#8217;Hospitalet, sin que se haya comunicado oficialmente la reca\u00edda de la que fue v\u00edctima por una mala gesti\u00f3n del cuerpo m\u00e9dico ni la causas concretas de su estado actual.<\/p>\n<p>\u00abTuvo una microrrotura y se est\u00e1 alargando la recuperaci\u00f3n porque las sensaciones del chico no son buenas. Solo ha hecho un entrenamiento y no se siente c\u00f3modo ni seguro. Un d\u00eda le molesta el isquio, otro la zona del s\u00f3leo, otro la rodilla&#8230;No logra encontrar ese estado de seguridad en su cuerpo. Si no puedes entrenar no puede jugar. Es una pena porque ya llevamos seis semanas con su lesi\u00f3n y hay que darle tiempo\u00bb, dijo hace 15 d\u00edas V\u00edctor Fern\u00e1ndez como portavoz de los servicios m\u00e9dicos. \u00abEstamos viendo ya la luz\u00bb, coment\u00f3 hace unos d\u00edas el t\u00e9cnico sobre un caso ausente por completo de transparencia.<\/p>\n","protected":false},"excerpt":{"rendered":"<p>La fuerte rotura que sufre en el isquiotibial de su pierna izquierda le deja fuera hasta febrero de 2025 El internacional bosnio Samed Bazadr no volver\u00e1 a los terrenos de juego al menos hasta principios de febrero de 2025 tras detect\u00e1rsele en una primera exploraci\u00f3n, como informa el Peri\u00f3dico de <a class=\"read-more\" href=\"https:\/\/principesdeparis.es\/principes\/bazdar-se-perdera-un-minimo-de-nueve-partidos\/\">Sigue leyendo<\/a><\/p>\n","protected":false},"author":2,"featured_media":17348,"comment_status":"open","ping_status":"open","sticky":false,"template":"","format":"standard","meta":{"footnotes":""},"categories":[13,1],"tags":[],"class_list":["post-17347","post","type-post","status-publish","format-standard","has-post-thumbnail","hentry","category-publicidad","category-real-zaragoza"],"_links":{"self":[{"href":"https:\/\/principesdeparis.es\/principes\/wp-json\/wp\/v2\/posts\/17347","targetHints":{"allow":["GET"]}}],"collection":[{"href":"https:\/\/principesdeparis.es\/principes\/wp-json\/wp\/v2\/posts"}],"about":[{"href":"https:\/\/principesdeparis.es\/principes\/wp-json\/wp\/v2\/types\/post"}],"author":[{"embeddable":true,"href":"https:\/\/principesdeparis.es\/principes\/wp-json\/wp\/v2\/users\/2"}],"replies":[{"embeddable":true,"href":"https:\/\/principesdeparis.es\/principes\/wp-json\/wp\/v2\/comments?post=17347"}],"version-history":[{"count":4,"href":"https:\/\/principesdeparis.es\/principes\/wp-json\/wp\/v2\/posts\/17347\/revisions"}],"predecessor-version":[{"id":17352,"href":"https:\/\/principesdeparis.es\/principes\/wp-json\/wp\/v2\/posts\/17347\/revisions\/17352"}],"wp:featuredmedia":[{"embeddable":true,"href":"https:\/\/principesdeparis.es\/principes\/wp-json\/wp\/v2\/media\/17348"}],"wp:attachment":[{"href":"https:\/\/principesdeparis.es\/principes\/wp-json\/wp\/v2\/media?parent=17347"}],"wp:term":[{"taxonomy":"category","embeddable":true,"href":"https:\/\/principesdeparis.es\/principes\/wp-json\/wp\/v2\/categories?post=17347"},{"taxonomy":"post_tag","embeddable":true,"href":"https:\/\/principesdeparis.es\/principes\/wp-json\/wp\/v2\/tags?post=17347"}],"curies":[{"name":"wp","href":"https:\/\/api.w.org\/{rel}","templated":true}]}}