{"id":17353,"date":"2024-12-02T14:33:12","date_gmt":"2024-12-02T14:33:12","guid":{"rendered":"https:\/\/principesdeparis.es\/principes\/?p=17353"},"modified":"2024-12-02T14:33:12","modified_gmt":"2024-12-02T14:33:12","slug":"javier-gil-nueva-incorporacion-a-principes-de-paris","status":"publish","type":"post","link":"https:\/\/principesdeparis.es\/principes\/javier-gil-nueva-incorporacion-a-principes-de-paris\/","title":{"rendered":"Javier Gil, nueva incorporaci\u00f3n a Pr\u00edncipes de Paris"},"content":{"rendered":"<p>Javier Gil, licenciado en Ciencias de la Informaci\u00f3n por la Universidad de Navarra, diplomado en Magisterio de Educaci\u00f3n F\u00edsica por la Universidad de Zaragoza y en posesi\u00f3n del t\u00edtulo UEFA Pro, entra a formar parte de la familia de Pr\u00edncipes de Par\u00eds. El periodista y entrenador, que ha desarrollado la mayor parte de su trayectoria profesional en la secci\u00f3n de deportes de Heraldo de Arag\u00f3n, tanto en las redacciones de Huesca como en Zaragoza, y ha ejercido como jefe de deportes y como responsable del programa televisivo Avispas y Tomates, escribir\u00e1 en la secci\u00f3n de opini\u00f3n del Real Zaragoza a partir de ma\u00f1ana martes en su secci\u00f3n <em>Zarpazo<\/em>, un espacio donde plasmar\u00e1 sus impresiones sobre la actualidad del club.<\/p>\n","protected":false},"excerpt":{"rendered":"<p>Javier Gil, licenciado en Ciencias de la Informaci\u00f3n por la Universidad de Navarra, diplomado en Magisterio de Educaci\u00f3n F\u00edsica por la Universidad de Zaragoza y en posesi\u00f3n del t\u00edtulo UEFA Pro, entra a formar parte de la familia de Pr\u00edncipes de Par\u00eds. El periodista y entrenador, que ha desarrollado la <a class=\"read-more\" href=\"https:\/\/principesdeparis.es\/principes\/javier-gil-nueva-incorporacion-a-principes-de-paris\/\">Sigue leyendo<\/a><\/p>\n","protected":false},"author":2,"featured_media":17354,"comment_status":"open","ping_status":"open","sticky":false,"template":"","format":"standard","meta":{"footnotes":""},"categories":[13,18],"tags":[],"class_list":["post-17353","post","type-post","status-publish","format-standard","has-post-thumbnail","hentry","category-publicidad","category-zarpazo"],"_links":{"self":[{"href":"https:\/\/principesdeparis.es\/principes\/wp-json\/wp\/v2\/posts\/17353","targetHints":{"allow":["GET"]}}],"collection":[{"href":"https:\/\/principesdeparis.es\/principes\/wp-json\/wp\/v2\/posts"}],"about":[{"href":"https:\/\/principesdeparis.es\/principes\/wp-json\/wp\/v2\/types\/post"}],"author":[{"embeddable":true,"href":"https:\/\/principesdeparis.es\/principes\/wp-json\/wp\/v2\/users\/2"}],"replies":[{"embeddable":true,"href":"https:\/\/principesdeparis.es\/principes\/wp-json\/wp\/v2\/comments?post=17353"}],"version-history":[{"count":1,"href":"https:\/\/principesdeparis.es\/principes\/wp-json\/wp\/v2\/posts\/17353\/revisions"}],"predecessor-version":[{"id":17355,"href":"https:\/\/principesdeparis.es\/principes\/wp-json\/wp\/v2\/posts\/17353\/revisions\/17355"}],"wp:featuredmedia":[{"embeddable":true,"href":"https:\/\/principesdeparis.es\/principes\/wp-json\/wp\/v2\/media\/17354"}],"wp:attachment":[{"href":"https:\/\/principesdeparis.es\/principes\/wp-json\/wp\/v2\/media?parent=17353"}],"wp:term":[{"taxonomy":"category","embeddable":true,"href":"https:\/\/principesdeparis.es\/principes\/wp-json\/wp\/v2\/categories?post=17353"},{"taxonomy":"post_tag","embeddable":true,"href":"https:\/\/principesdeparis.es\/principes\/wp-json\/wp\/v2\/tags?post=17353"}],"curies":[{"name":"wp","href":"https:\/\/api.w.org\/{rel}","templated":true}]}}