{"id":17359,"date":"2025-01-11T09:51:34","date_gmt":"2025-01-11T09:51:34","guid":{"rendered":"https:\/\/principesdeparis.es\/principes\/?p=17359"},"modified":"2025-01-11T09:51:34","modified_gmt":"2025-01-11T09:51:34","slug":"que-se-esta-cociendo-en-los-pucheros-de-la-propiedad","status":"publish","type":"post","link":"https:\/\/principesdeparis.es\/principes\/que-se-esta-cociendo-en-los-pucheros-de-la-propiedad\/","title":{"rendered":"\u00bfQu\u00e9 se est\u00e1 cociendo en los pucheros de la propiedad?"},"content":{"rendered":"<div class=\"BL3dva\">\n<div class=\"OSxNQL\">\n<div class=\"OFA52E\">\n<div class=\"cD_92h UitnHM\" tabindex=\"-1\" data-hook=\"post-title\"><\/div>\n<\/div>\n<\/div>\n<\/div>\n<div class=\"nLG8d5\" data-hook=\"post-description\">\n<article class=\"blog-post-page-font\">\n<div class=\"post-content__body stSKMK\">\n<div class=\"moHCnT\">\n<div class=\"moHCnT\">\n<div class=\"fTEXDR\" data-rce-version=\"10.114.0\">\n<div class=\"runb8\" dir=\"ltr\" data-id=\"content-viewer\">\n<div class=\"pwDbJ\">\n<div data-hook=\"rcv-block-last\">\n<p>Tanto las horas previas al encuentro del martes como la totalidad del d\u00eda siguiente estuvieron llenas de emociones derivadas de la situaci\u00f3n temporal. La certeza que se iba a perder, el cambio de sensaci\u00f3n provisional por la comida, una conversaci\u00f3n con los amigos o, simplemente, la tendencia a la supervivencia que tenemos los animales en nuestra gen\u00e9tica. Despu\u00e9s llega otra vez un espasmo de inteligencia y regresamos a la realidad que se convierte en excitaci\u00f3n y hasta en ansiedad a medida que llega el partido y se disputa. Cumpli\u00e9ndose lo que en el fondo la mayor\u00eda est\u00e1bamos seguros iba a ocurrir: derrota ante otro equipo de Segunda Divisi\u00f3n despu\u00e9s de la pr\u00f3rroga y de los lanzamientos desde el punto de penalti.<\/p>\n<p>El mi\u00e9rcoles apenas se escribi\u00f3 o se coment\u00f3 casi nada en los medios vinculados al club y mucho menos en quienes trabajan en ellos y tienen la posibilidad de ser los portavoces. Varias referencias a las declaraciones post partido de V\u00edctor Fern\u00e1ndez, la fragilidad defensiva del equipo, la falta de jugadores para cambiar el rumbo del encuentro, la escasa aportaci\u00f3n de Mar\u00ed y su fallida m\u00e1xima pena con el marcador a favor, la culpabilidad de Clemente por regresar al Real Zaragoza, la decisi\u00f3n de los lanzamientos desde los once metros, el mejor partido de Adu Ares o la pr\u00f3xima salida de Jair Amador.<\/p>\n<p>\u00bfQu\u00e9 se est\u00e1 cociendo en los pucheros de la propiedad? \u00bfSe imaginaban que el equipo iba a repetir las tendencias de otras temporadas? \u00bfCordero lleva las riendas del proceso de asumir jugadores para armar la plantilla y buscar el ascenso \u00e9sta o la pr\u00f3xima campa\u00f1a? \u00bfA qu\u00e9 acuerdos se llegaron con V\u00edctor Fern\u00e1ndez cuando al final del pasado curso se lleg\u00f3 a decir que no iba a continuar si no ten\u00eda el control deportivo? \u00bfTodo consiste en construir la nueva Romareda? \u00bfEs verdad que el Real Zaragoza es el filial del Atl\u00e9tico de Madrid? \u00bfNos han vendido los oligarcas para seguir recogiendo calderilla de un s\u00edmbolo que no pod\u00edan salvar? Las preguntas y la debilidad al no conocer las respuestas hacen que se apaguen algunas de nuestras neuronas y que la oscuridad interior sea todav\u00eda m\u00e1s intensa<\/p>\n<\/div>\n<\/div>\n<\/div>\n<\/div>\n<\/div>\n<\/div>\n<\/div>\n<\/article>\n<\/div>\n<div class=\"BL3dva\">\n<div class=\"OSxNQL\">\n<div id=\"post-footer\" class=\"OFA52E jG7PL8\">\n<div class=\"ux83lW\" data-hook=\"post-main-actions-desktop\"><\/div>\n<\/div>\n<\/div>\n<\/div>\n","protected":false},"excerpt":{"rendered":"<p>Tanto las horas previas al encuentro del martes como la totalidad del d\u00eda siguiente estuvieron llenas de emociones derivadas de la situaci\u00f3n temporal. La certeza que se iba a perder, el cambio de sensaci\u00f3n provisional por la comida, una conversaci\u00f3n con los amigos o, simplemente, la tendencia a la supervivencia <a class=\"read-more\" href=\"https:\/\/principesdeparis.es\/principes\/que-se-esta-cociendo-en-los-pucheros-de-la-propiedad\/\">Sigue leyendo<\/a><\/p>\n","protected":false},"author":3,"featured_media":17360,"comment_status":"open","ping_status":"open","sticky":false,"template":"","format":"standard","meta":{"footnotes":""},"categories":[16,13],"tags":[],"class_list":["post-17359","post","type-post","status-publish","format-standard","has-post-thumbnail","hentry","category-el10","category-publicidad"],"_links":{"self":[{"href":"https:\/\/principesdeparis.es\/principes\/wp-json\/wp\/v2\/posts\/17359","targetHints":{"allow":["GET"]}}],"collection":[{"href":"https:\/\/principesdeparis.es\/principes\/wp-json\/wp\/v2\/posts"}],"about":[{"href":"https:\/\/principesdeparis.es\/principes\/wp-json\/wp\/v2\/types\/post"}],"author":[{"embeddable":true,"href":"https:\/\/principesdeparis.es\/principes\/wp-json\/wp\/v2\/users\/3"}],"replies":[{"embeddable":true,"href":"https:\/\/principesdeparis.es\/principes\/wp-json\/wp\/v2\/comments?post=17359"}],"version-history":[{"count":1,"href":"https:\/\/principesdeparis.es\/principes\/wp-json\/wp\/v2\/posts\/17359\/revisions"}],"predecessor-version":[{"id":17361,"href":"https:\/\/principesdeparis.es\/principes\/wp-json\/wp\/v2\/posts\/17359\/revisions\/17361"}],"wp:featuredmedia":[{"embeddable":true,"href":"https:\/\/principesdeparis.es\/principes\/wp-json\/wp\/v2\/media\/17360"}],"wp:attachment":[{"href":"https:\/\/principesdeparis.es\/principes\/wp-json\/wp\/v2\/media?parent=17359"}],"wp:term":[{"taxonomy":"category","embeddable":true,"href":"https:\/\/principesdeparis.es\/principes\/wp-json\/wp\/v2\/categories?post=17359"},{"taxonomy":"post_tag","embeddable":true,"href":"https:\/\/principesdeparis.es\/principes\/wp-json\/wp\/v2\/tags?post=17359"}],"curies":[{"name":"wp","href":"https:\/\/api.w.org\/{rel}","templated":true}]}}