{"id":17366,"date":"2025-01-11T11:14:53","date_gmt":"2025-01-11T11:14:53","guid":{"rendered":"https:\/\/principesdeparis.es\/principes\/?p=17366"},"modified":"2025-01-11T11:15:18","modified_gmt":"2025-01-11T11:15:18","slug":"adu-ares-victor-y-un-partido-sin-red","status":"publish","type":"post","link":"https:\/\/principesdeparis.es\/principes\/adu-ares-victor-y-un-partido-sin-red\/","title":{"rendered":"Adu Ares, V\u00edctor y un partido sin red"},"content":{"rendered":"<p><strong>La notable actuaci\u00f3n del extremo en la Copa sigue articulando con su acostumbrado exceso el discurso de un t\u00e9cnico cada vez m\u00e1s desarbolado de argumentos reales y muy pendiente de la opini\u00f3n p\u00fablica ante una delicada visita a Riazor<\/strong><\/p>\n<p>Adu Ares dej\u00f3 dos goles magn\u00edficos ante el Granada y la mejor disposici\u00f3n desde que viste la camiseta del Real Zaragoza, sudada por primera vez por la implicaci\u00f3n. Tambi\u00e9n perdi\u00f3 un bal\u00f3n que acab\u00f3 en uno de los goles del equipo nazar\u00ed, por cierto ganador de la eliminatoria aunque todav\u00eda parezca lo contrario seg\u00fan qu\u00e9 versiones. El vizca\u00edno hall\u00f3 el contexto ideal, un encuentro abierto, sin exigencias por ninguna parte, y lo aprovech\u00f3 con un excelente talento finalizador. Ya lo hab\u00eda dicho V\u00edctor Fern\u00e1ndez, que el muchacho en los entrenamientos era un fiera en los controles dirigidos y que cualquier d\u00eda se ver\u00eda su aut\u00e9ntica versi\u00f3n. \u00abOjal\u00e1 fuera de nuestra propiedad\u00bb, apunt\u00f3 con gesto doliente al acabar el partido. Ares ha dado un pasito, pero a\u00fan le falta dejar huella en trincheras menos almibaradas, lugares que ya ha visitado y donde no ha depositado un gramo de sal. El t\u00e9cnico, recordando su poder visionario como ya lo tuvo con Poussin, se ha encargado de abofetear a quienes han cuestionado su sabidur\u00eda. Como tiene un equipo de sabuesos que le olfatean las redes sociales y le sirven en boca las informaciones de la prensa tradicional que no comulgan con sus credos, est\u00e1 muy al d\u00eda de la actualidad que le concierne. Tan preocupado o m\u00e1s que con la del equipo que se le va yendo de las manos.<\/p>\n<p>Ares, como todos los futbolistas que menciona para elogiar o se\u00f1alar, son herramientas de su presumida personalidad. Igual que Mario Sober\u00f3n, al que no deja de atizarle con l\u00e1tigo de seda, sembrando la atm\u00f3sfera de dudas sobre la recuperaci\u00f3n del goleador. Hoy le duele una cosa, ma\u00f1ana otra&#8230; Se lo lleva a la Copa y no lo utiliza. \u00bfC\u00f3mo se puede incentivar la sospecha sobre un profesional que ha marcado seis tantos en la gran oportunidad de su carrera y que est\u00e1 deseando regresar para revalorizarse, amigo Ireneo? El Real Zaragoza mereci\u00f3 ganar al Albacete y al Granada porque lo hizo mucho mejor con cuatro defensas y con cinco&#8230; Desarbolado de argumentos reales, refugiado en su esp\u00edritu vacilante y huidizo con la responsabilidad (su explicaci\u00f3n en el penalti de Ma\u00f1as es para enmarcarla por acoquinada), el Real Zaragoza es una gota de agua de su entrenador. Salvo Marcos Luna e Iv\u00e1n Az\u00f3n, la plantilla ha ido empeorando progresivamente mientras s\u00f3lo se habla del mercado de invierno como m\u00e1gico punto de inflexi\u00f3n. Futbolista por futbolista, las ca\u00eddas de rendimiento han sido b\u00e1rbaras en algunos casos. Poussin ya ha elevado la tensi\u00f3n cardiaca del seguidor; los centrales, sin que nunca hayan sido una maravilla y con Jair en la rec\u00e1mara sin ser el peor, han abierto las compuertas de par en par; Calero ha estado en la reserva y Tasende contin\u00faa crey\u00e9ndose extremo para deleite de los rivales; Aguado, Bare, Moya y Francho se juegan a los dados la titularidad en diferentes dibujos; Aketxe lo condiciona todo sin sacar r\u00e9ditos; Ares no est\u00e1 en la Liga; Mar\u00ed desmejora a cada minuto que le ofrecen; Pau Sans es el \u00faltimo de la fila aun quedando dos cambios por hacerse; Bermejo sale 20 segundos, y Liso ha ca\u00eddo en la depresi\u00f3n de un equipo imposible de descifrar en el fondo y en la forma. La lesi\u00f3n de Bazdar no ayuda tampoco.<\/p>\n<p>A un punto de la promoci\u00f3n de ascenso pero con Granada y Oviedo por delante, la visita a Riazor (s\u00e1bado, 18.30) se presenta muy delicada para el Real Zaragoza. Sus \u00faltimos n\u00fameros, de claro declive, no son hijos de la casualidad. Desde las tablas en El Alcoraz no gana, apenas marca y su caudal de ocasiones, salvo en C\u00f3rdoba, se ha secado. Ya no es s\u00f3lo la defensa y el centro del campo los que presentan fisuras: una grieta se ha abierto en ese ataque ahora sin Bazdar ni Sober\u00f3n. La lanza como arma principal se est\u00e1 oxidando a la espera de que Az\u00f3n saque punta a su inspiraci\u00f3n. Cuando en un equipo chirr\u00edan todas sus piezas, el maquinista no puede salir indemne por mucho que los fabricantes del proyecto le hayan entregado una locomotora a pilas. V\u00edctor tiene ante el Deportivo una carta, seguramente no la \u00faltima, para recuperar el terreno perdido en su credibilidad, pero necesita que el conjunto aragon\u00e9s se imponga. El triunfo mantendr\u00eda al equipo en la lucha por no descolgarse del pelot\u00f3n principal; otro resultado distinto podr\u00eda alejarle de las vistas del playoff e incluso trasladarle a la mitad de la tabla, con un porcentaje de recolecta m\u00e1s pr\u00f3ximo a la salvaci\u00f3n que al objetivo inicial. Las sensaciones, tan en boga entre los especialistas de una crisis galopante que cuesta reconocer, se aproxima a una tomadura de pelo conjunta de la propiedad, de un director general de plexigl\u00e1s, del director deportivo y de un t\u00e9cnico que vino para tomar La Bastilla y ahora s\u00f3lo se preocupa de que la corona no se desencaje de su cabeza.<\/p>\n<p>El D\u00e9por, otro reci\u00e9n ascendido (se perdi\u00f3 con el Castell\u00f3n y se empat\u00f3 contra un M\u00e1laga con diez), viene en una din\u00e1mica opuesta. Desde la salida de Idiakez, Gilsanz, relevo en el banquillo del exzaragocista, ha conseguido reactivar a los gallegos con tres victorias, una igualada y una sola derrota en Almer\u00eda. La pasada semana se relami\u00f3 en C\u00e1diz con un Lucas P\u00e9rez estelar que hizo tres de los cuatro goles de su equipo (2-4). Es otro adversario valiente con joyas del regate a nivel continental como Yeremay Hern\u00e1ndez, canterano del Deportivo con paso por la canteras del Real Madrid y Las Palmas. Seis dianas y tres asistencias contemplan a este espectacular burlador de 21 a\u00f1os. Mella, un extremo derecho de la cantera que compone uno de los tridentes m\u00e1s atractivos de la categor\u00eda, no estar\u00e1 por sanci\u00f3n. Riazor, es decir 26.000 almas, vivir\u00e1 un encuentro declarado de alto riesgo. Lo es por otros motivos para este Real Zaragoza de V\u00edctor Fern\u00e1ndez prendado de Ares, de Aketxe (con molestias como Az\u00f3n), del ausente Bazdar\u2026 Y de todo lo que se comente sobre su figura y sus decisiones. Resulta sugestivo descubrir c\u00f3mo afrontar\u00e1 una jornada sin red este maestro de la entelequia. Y si hay alguien que le entienda.<\/p>\n","protected":false},"excerpt":{"rendered":"<p>La notable actuaci\u00f3n del extremo en la Copa sigue articulando con su acostumbrado exceso el discurso de un t\u00e9cnico cada vez m\u00e1s desarbolado de argumentos reales y muy pendiente de la opini\u00f3n p\u00fablica ante una delicada visita a Riazor Adu Ares dej\u00f3 dos goles magn\u00edficos ante el Granada y la <a class=\"read-more\" href=\"https:\/\/principesdeparis.es\/principes\/adu-ares-victor-y-un-partido-sin-red\/\">Sigue leyendo<\/a><\/p>\n","protected":false},"author":2,"featured_media":17367,"comment_status":"open","ping_status":"open","sticky":false,"template":"","format":"standard","meta":{"footnotes":""},"categories":[13,1],"tags":[],"class_list":["post-17366","post","type-post","status-publish","format-standard","has-post-thumbnail","hentry","category-publicidad","category-real-zaragoza"],"_links":{"self":[{"href":"https:\/\/principesdeparis.es\/principes\/wp-json\/wp\/v2\/posts\/17366","targetHints":{"allow":["GET"]}}],"collection":[{"href":"https:\/\/principesdeparis.es\/principes\/wp-json\/wp\/v2\/posts"}],"about":[{"href":"https:\/\/principesdeparis.es\/principes\/wp-json\/wp\/v2\/types\/post"}],"author":[{"embeddable":true,"href":"https:\/\/principesdeparis.es\/principes\/wp-json\/wp\/v2\/users\/2"}],"replies":[{"embeddable":true,"href":"https:\/\/principesdeparis.es\/principes\/wp-json\/wp\/v2\/comments?post=17366"}],"version-history":[{"count":1,"href":"https:\/\/principesdeparis.es\/principes\/wp-json\/wp\/v2\/posts\/17366\/revisions"}],"predecessor-version":[{"id":17368,"href":"https:\/\/principesdeparis.es\/principes\/wp-json\/wp\/v2\/posts\/17366\/revisions\/17368"}],"wp:featuredmedia":[{"embeddable":true,"href":"https:\/\/principesdeparis.es\/principes\/wp-json\/wp\/v2\/media\/17367"}],"wp:attachment":[{"href":"https:\/\/principesdeparis.es\/principes\/wp-json\/wp\/v2\/media?parent=17366"}],"wp:term":[{"taxonomy":"category","embeddable":true,"href":"https:\/\/principesdeparis.es\/principes\/wp-json\/wp\/v2\/categories?post=17366"},{"taxonomy":"post_tag","embeddable":true,"href":"https:\/\/principesdeparis.es\/principes\/wp-json\/wp\/v2\/tags?post=17366"}],"curies":[{"name":"wp","href":"https:\/\/api.w.org\/{rel}","templated":true}]}}