{"id":17377,"date":"2025-01-11T11:26:24","date_gmt":"2025-01-11T11:26:24","guid":{"rendered":"https:\/\/principesdeparis.es\/principes\/?p=17377"},"modified":"2025-01-11T11:26:48","modified_gmt":"2025-01-11T11:26:48","slug":"luna-la-cara-oculta-del-empate-en-riazor","status":"publish","type":"post","link":"https:\/\/principesdeparis.es\/principes\/luna-la-cara-oculta-del-empate-en-riazor\/","title":{"rendered":"Luna, la cara oculta del empate en Riazor"},"content":{"rendered":"<div class=\"BL3dva\">\n<div class=\"OSxNQL\">\n<div class=\"OFA52E\">\n<div class=\"cD_92h UitnHM\" tabindex=\"-1\" data-hook=\"post-title\">\n<h4 class=\"UbhFJ7 nkqC0Q blog-post-title-font blog-post-title-color blog-text-color post-title blog-hover-container-element-color FG3qXk blog-post-page-title-font\" tabindex=\"-1\" data-hook=\"post-title\">Un minuto despu\u00e9s de que Francho lograra el empate, el lateral, para redondear una tarde soberbia, evit\u00f3 el 2-1 de Savo con una intervenci\u00f3n de muy alto nivel defensivo<\/h4>\n<\/div>\n<\/div>\n<\/div>\n<\/div>\n<div class=\"nLG8d5\" data-hook=\"post-description\">\n<article class=\"blog-post-page-font\">\n<div class=\"post-content__body stSKMK\">\n<div class=\"moHCnT\">\n<div class=\"moHCnT\">\n<div class=\"fTEXDR\" data-rce-version=\"10.114.0\">\n<div class=\"runb8\" dir=\"ltr\" data-id=\"content-viewer\">\n<div class=\"pwDbJ\">\n<div class=\"sQUUL\">\n<div data-hook=\"rcv-block8\"><\/div>\n<div data-breakout=\"normal\">\n<div id=\"viewer-rjjfx15638\" class=\"yECnz YLUTf GrU5P _12ZU1\" dir=\"auto\">En el minuto 92, Francho Serrano, a pase de Pau Sans, estableci\u00f3 el empate en un partido donde Marcos Luna hab\u00eda desplegado una soberana actuaci\u00f3n. No s\u00f3lo ocup\u00e1ndose del marcaje de Yeremay, una serpiente con la cabeza te\u00f1ida de blanco a la que apenas dej\u00f3 serpentear, sino como pieza fundamental para dar sentido, sensibilidad y profundidad a la formaci\u00f3n de cinco defensas. Fue el mejor defensa y el atacante m\u00e1s incisivo en su sexto partido como titular, el tercero consecutivo despu\u00e9s de haber participado tan s\u00f3lo 56 minutos en las primeras once jornadas de la competici\u00f3n.<\/div>\n<\/div>\n<div data-hook=\"rcv-block10\"><\/div>\n<div data-hook=\"rcv-block10\">Calero se atrevi\u00f3 m\u00e1s de lo previsto por el carril izquierdo, pero fue Luna quien sac\u00f3 brillo a los ra\u00edles del costado izquierdo, espacio que lleva camino de apropiarse por lo que resta de curso si contin\u00faa a este nivel. El defensa es uno de los pocos futbolistas de la plantilla que tenido una progresi\u00f3n positiva en paralelo al eclipse del resto de sus compa\u00f1eros. A su fortaleza f\u00edsica ha sumado un atrevimiento insospechado en estos tiempos de miedos y dudas, siempre dispuestos a alegrarle el d\u00eda al pusil\u00e1nime Real Zaragoza con su natural desparpajo. Marc\u00f3 en C\u00e1diz y en C\u00f3rdoba en posiciones de delantero y asisti\u00f3 a Francho en Cartagena para firmar la remontada y repiti\u00f3 el Elda con un pase interior para Liso que el extremo tradujo en el 2-3. \u00bfCu\u00e1nto le debe el equipo a Luna? Su peso en oro en la ag\u00f3nica consecuci\u00f3n de esos seis puntos por la templanza y el car\u00e1cter como \u00faltimo pasador que asumi\u00f3. Por cierto, se le busc\u00f3 una cesi\u00f3n en verano.<\/div>\n<div data-hook=\"rcv-block10\"><\/div>\n<div data-hook=\"rcv-block10\">Ayer en La Coru\u00f1a rubric\u00f3 su mejor actuaci\u00f3n. Casi todo cobr\u00f3 sentido en sus pies, como en ese centro filtrado a conciencia entra las piernas de un rival para que Calero se quedara solo frente a Helton, oportunidad que el de Parla desperdici\u00f3 con un lanzamiento alto. Sin embargo, lo que apenas se apreci\u00f3 es su intervenci\u00f3n sesenta segundos despu\u00e9s del tanto de Francho, cuando un bal\u00f3n colgado desde la derecha por Ximo se lo trag\u00f3 por alto Femen\u00edas desnudando por completo el palo segundo. All\u00ed se present\u00f3 Davo para convertir de cabeza el 2-1, pero Luna se le anticip\u00f3 con la coronilla en una acci\u00f3n defensiva clave, con tensi\u00f3n y concentraci\u00f3n m\u00e1ximas. En la cara oculta de esa jugada se escond\u00eda un empate, el que gan\u00f3 Luna.<\/div>\n<div data-hook=\"rcv-block21\"><\/div>\n<\/div>\n<div data-hook=\"rcv-block-last\"><\/div>\n<\/div>\n<\/div>\n<\/div>\n<\/div>\n<\/div>\n<\/div>\n<\/article>\n<\/div>\n<div class=\"BL3dva\">\n<div class=\"OSxNQL\">\n<div id=\"post-footer\" class=\"OFA52E jG7PL8\">\n<div class=\"ux83lW\" data-hook=\"post-main-actions-desktop\"><\/div>\n<\/div>\n<\/div>\n<\/div>\n","protected":false},"excerpt":{"rendered":"<p>Un minuto despu\u00e9s de que Francho lograra el empate, el lateral, para redondear una tarde soberbia, evit\u00f3 el 2-1 de Savo con una intervenci\u00f3n de muy alto nivel defensivo En el minuto 92, Francho Serrano, a pase de Pau Sans, estableci\u00f3 el empate en un partido donde Marcos Luna hab\u00eda <a class=\"read-more\" href=\"https:\/\/principesdeparis.es\/principes\/luna-la-cara-oculta-del-empate-en-riazor\/\">Sigue leyendo<\/a><\/p>\n","protected":false},"author":2,"featured_media":17378,"comment_status":"open","ping_status":"open","sticky":false,"template":"","format":"standard","meta":{"footnotes":""},"categories":[13,1],"tags":[],"class_list":["post-17377","post","type-post","status-publish","format-standard","has-post-thumbnail","hentry","category-publicidad","category-real-zaragoza"],"_links":{"self":[{"href":"https:\/\/principesdeparis.es\/principes\/wp-json\/wp\/v2\/posts\/17377","targetHints":{"allow":["GET"]}}],"collection":[{"href":"https:\/\/principesdeparis.es\/principes\/wp-json\/wp\/v2\/posts"}],"about":[{"href":"https:\/\/principesdeparis.es\/principes\/wp-json\/wp\/v2\/types\/post"}],"author":[{"embeddable":true,"href":"https:\/\/principesdeparis.es\/principes\/wp-json\/wp\/v2\/users\/2"}],"replies":[{"embeddable":true,"href":"https:\/\/principesdeparis.es\/principes\/wp-json\/wp\/v2\/comments?post=17377"}],"version-history":[{"count":1,"href":"https:\/\/principesdeparis.es\/principes\/wp-json\/wp\/v2\/posts\/17377\/revisions"}],"predecessor-version":[{"id":17379,"href":"https:\/\/principesdeparis.es\/principes\/wp-json\/wp\/v2\/posts\/17377\/revisions\/17379"}],"wp:featuredmedia":[{"embeddable":true,"href":"https:\/\/principesdeparis.es\/principes\/wp-json\/wp\/v2\/media\/17378"}],"wp:attachment":[{"href":"https:\/\/principesdeparis.es\/principes\/wp-json\/wp\/v2\/media?parent=17377"}],"wp:term":[{"taxonomy":"category","embeddable":true,"href":"https:\/\/principesdeparis.es\/principes\/wp-json\/wp\/v2\/categories?post=17377"},{"taxonomy":"post_tag","embeddable":true,"href":"https:\/\/principesdeparis.es\/principes\/wp-json\/wp\/v2\/tags?post=17377"}],"curies":[{"name":"wp","href":"https:\/\/api.w.org\/{rel}","templated":true}]}}