{"id":17380,"date":"2025-01-11T11:31:27","date_gmt":"2025-01-11T11:31:27","guid":{"rendered":"https:\/\/principesdeparis.es\/principes\/?p=17380"},"modified":"2025-01-11T11:31:27","modified_gmt":"2025-01-11T11:31:27","slug":"el-real-zaragoza-entra-en-una-zona-de-descenso","status":"publish","type":"post","link":"https:\/\/principesdeparis.es\/principes\/el-real-zaragoza-entra-en-una-zona-de-descenso\/","title":{"rendered":"El Real Zaragoza entra en una &#8216;zona de descenso&#8217;"},"content":{"rendered":"<div data-breakout=\"normal\">\n<p id=\"viewer-8bqou821\" class=\"yECnz YLUTf GrU5P _12ZU1\" dir=\"auto\"><strong>El equipo de V\u00edctor Fern\u00e1ndez, d\u00e9cimo en su peor clasificaci\u00f3n de la temporada, es el tercer equipo que menos puntos ha sumado en los \u00faltimos cinco partidos<\/strong><\/p>\n<\/div>\n<div data-hook=\"rcv-block9\">El punto de Riazor fue recibido con algarab\u00eda, como premio escaso pero moralmente aceptable despu\u00e9s de haber fallado en Riazor al menos cinco de ocasiones para ganar y empatar en el filo emocional del minuto 92. De cara al p\u00fablico, el vestuario habl\u00f3 lo justo de ese c\u00f3rner a favor con una p\u00e9sima interpretaci\u00f3n estrat\u00e9gica entre Bare y Ares que provoc\u00f3 una galopada a la contra de los mejores futbolistas del conjunto gallego para que Mario Soriano marcara el 1-0 en el minuto 6. Se prefiri\u00f3 destacar la actitud y la \u00bfgrandeza&#8230;? Ese error, sin embargo, condicion\u00f3 el resto del partido, un terrible decisi\u00f3n en el d\u00eda de estreno de los tres centrales en Liga para frenar el deterioro defensivo que tanto da\u00f1o est\u00e1 haciendo. La l\u00ednea de contenci\u00f3n mejor\u00f3 incluso por los costados de Luna y Calero y vivi\u00f3 una tarde sin grandes sobresaltos, pero el Real Zaragoza pec\u00f3 en esta ocasi\u00f3n de la ansiedad de verse, como tantas veces, remando contracorriente, lo que obstruy\u00f3 su mejor arma, el ataque: lleg\u00f3 un buen pu\u00f1ado de veces con todo a favor, pero la punter\u00eda le dio la espalda hasta que Francho atac\u00f3 de frente el pase de Pau Sans para evitar el desastre completo, una segunda derrota consecutiva que hubiese convocado al consejo de seguridad del club.<\/div>\n<div data-hook=\"rcv-block12\"><\/div>\n<div data-breakout=\"normal\">\n<div id=\"viewer-it0jk750\" class=\"yECnz YLUTf GrU5P _12ZU1\" dir=\"auto\">La crisis parece estar prohibida en el diccionario del Real Zaragoza pese a que ya ha entrado por la puerta principal. El conjunto aragon\u00e9s cierra la 18\u00aa jornada en la d\u00e9cima posici\u00f3n, empatado a 26 puntos con Huesca por arriba y Castell\u00f3n por abajo. Es su peor clasificaci\u00f3n desde que comenz\u00f3 la competici\u00f3n, de la que fue l\u00edder y habitual en el playoff. Cinco partidos consecutivos sin ganar, con una derrota y cuatro tablas, le han empujado por la escaleras con el consuelo de que se halla a tres puntos de distancia del sexto, en estos momentos el Granada, pero con todos los aspirantes serios al ascenso por delante y una depresi\u00f3n futbol\u00edstica incuestionable. Los chicos de la cantera est\u00e1n salvando los muebles de un edificio que iba a tener inquilinos de lujo pero que, por ahora, no pagan ni el recibo de la luz. Se espera siempre a la pr\u00f3xima jornada, a esa tramposa proximidad con el grupo de cabeza, a un mercado de invierno que traer\u00e1 regalos de categor\u00eda. Mientras, el Real Zaragoza ha entrado en la zona de descenso de los \u00faltimos cinco encuentros. Con 4 puntos de 15 posibles, es el tercer peor equipo en este tramo del torneo, tan s\u00f3lo por encima de Racing de Ferrol (2) y Tenerife (1) &#8211;los canarios cuentan con un partido menos&#8211;, precisamente dos de los que cierra la clasificaci\u00f3n global.<\/div>\n<\/div>\n<div data-hook=\"rcv-block14\"><\/div>\n<div data-breakout=\"normal\">\n<div id=\"viewer-7t4eu753\" class=\"yECnz YLUTf GrU5P _12ZU1\" dir=\"auto\">Faltan tres fechas para el paso del ecuador, con una pr\u00f3xima visita a Eibar donde no estar\u00e1n Keidi Bare por acumulaci\u00f3n de tarjetas, Bazdar, de baja hasta bien entrado 2025, y posiblemente Sober\u00f3n, con el alta m\u00e9dica pero incapacitado para competir, una situaci\u00f3n que nadie termina de aclarar y que no le est\u00e1 haciendo favor alguno al delantero. Los servicios m\u00e9dicos y de recuperaci\u00f3n mantienen un mutismo herm\u00e9tico y s\u00f3lo aparece el entrenador en la mesa de explicaciones sin saber muy bien qu\u00e9 decir. El caso de la renovaci\u00f3n de los canteranos sigue adem\u00e1s enquistado, sin que Az\u00f3n, Francho ni Aguado, que finalizan contrato el 30 de junio de 2025, hayan recibido oferta alguna de la propiedad.<\/div>\n<\/div>\n<div data-hook=\"rcv-block16\"><\/div>\n<div data-hook=\"rcv-block16\">El tel\u00f3n de la primera vuelta caer\u00e1 con una doble sesi\u00f3n en La Romareda tras el desplazamiento a Ipur\u00faa: primero acudir\u00e1 el Real Oviedo, uno de los candidatos al poder, y se despedir\u00e1 el a\u00f1o contra el Racing de Ferrol. Con 26 puntos en la actualidad, el Real Zaragoza necesita imponerse en al menos dos de esas citas para entrar en 2025 en la media que se exige por estad\u00edstica para seguir aspirando al sexto lugar que da derecho a promoci\u00f3n, 64 puntos. Con el 48% actual no le da. Mucho menos si se mantiene el rendimiento empobrecido que ofrece desde que no pas\u00f3 del reparto de bot\u00edn en El Alcoraz.<\/div>\n<div data-hook=\"rcv-block18\"><\/div>\n<div data-breakout=\"normal\">\n<div id=\"viewer-ygg8v716\" class=\"yECnz YLUTf _22B-a _12ZU1\" dir=\"auto\"><span class=\"rkrC1\">\u00a0<\/span><\/div>\n<\/div>\n<div data-hook=\"rcv-block19\"><\/div>\n<div data-breakout=\"normal\">\n<p id=\"viewer-a7pn3723\" class=\"yECnz YLUTf _22B-a _12ZU1\" dir=\"auto\" style=\"text-align: center;\"><span class=\"rkrC1\"><strong>Clasificaci\u00f3n de los \u00faltimos cinco partidos<\/strong><\/span><\/p>\n<\/div>\n<div style=\"text-align: center;\" data-hook=\"rcv-block20\">\n<p>Mirand\u00e9s 13<\/p>\n<p>Almer\u00eda 13<\/p>\n<p>Granada 10<\/p>\n<p>Elche 8<\/p>\n<p>Huesca 8<\/p>\n<p>Albacete 8<\/p>\n<p>Deportivo 8<\/p>\n<p>Racing 7<\/p>\n<p>Sporting 7<\/p>\n<p>Real Oviedo 7<\/p>\n<p>Castell\u00f3n 6<\/p>\n<p>\u00c9ibar 6<\/p>\n<p>M\u00e1laga 6<\/p>\n<p>Burgos 6<\/p>\n<p>Levante 5 *<\/p>\n<p>Cartagena 6<\/p>\n<p>C\u00f3rdoba 5<\/p>\n<p>C\u00e1diz 5<\/p>\n<p><strong>Real Zaragoza 4<\/strong><\/p>\n<p>Eldense 4<\/p>\n<p>Ferrol 2<\/p>\n<p>Tenerife 1 *<\/p>\n<p>* Un partido menos<\/p>\n<\/div>\n<div data-breakout=\"normal\">\n<div id=\"viewer-bg5ul731\" class=\"yECnz YLUTf _22B-a _12ZU1\" dir=\"auto\" style=\"text-align: center;\"><span class=\"rkrC1\">\u00a0<\/span><\/div>\n<\/div>\n<div data-hook=\"rcv-block21\"><\/div>\n<div data-breakout=\"normal\"><\/div>\n<div data-breakout=\"normal\">\n<div data-breakout=\"normal\">\n<p id=\"viewer-wnpsw746\" class=\"yECnz YLUTf _22B-a _12ZU1\" dir=\"auto\">\n<\/div>\n<div data-hook=\"rcv-block29\"><\/div>\n<div data-breakout=\"normal\"><\/div>\n<\/div>\n<div data-breakout=\"normal\">\n<p id=\"viewer-ryart777\" class=\"yECnz YLUTf _22B-a _12ZU1\" dir=\"auto\">\n<\/div>\n","protected":false},"excerpt":{"rendered":"<p>El equipo de V\u00edctor Fern\u00e1ndez, d\u00e9cimo en su peor clasificaci\u00f3n de la temporada, es el tercer equipo que menos puntos ha sumado en los \u00faltimos cinco partidos El punto de Riazor fue recibido con algarab\u00eda, como premio escaso pero moralmente aceptable despu\u00e9s de haber fallado en Riazor al menos cinco <a class=\"read-more\" href=\"https:\/\/principesdeparis.es\/principes\/el-real-zaragoza-entra-en-una-zona-de-descenso\/\">Sigue leyendo<\/a><\/p>\n","protected":false},"author":2,"featured_media":17381,"comment_status":"open","ping_status":"open","sticky":false,"template":"","format":"standard","meta":{"footnotes":""},"categories":[13,1],"tags":[],"class_list":["post-17380","post","type-post","status-publish","format-standard","has-post-thumbnail","hentry","category-publicidad","category-real-zaragoza"],"_links":{"self":[{"href":"https:\/\/principesdeparis.es\/principes\/wp-json\/wp\/v2\/posts\/17380","targetHints":{"allow":["GET"]}}],"collection":[{"href":"https:\/\/principesdeparis.es\/principes\/wp-json\/wp\/v2\/posts"}],"about":[{"href":"https:\/\/principesdeparis.es\/principes\/wp-json\/wp\/v2\/types\/post"}],"author":[{"embeddable":true,"href":"https:\/\/principesdeparis.es\/principes\/wp-json\/wp\/v2\/users\/2"}],"replies":[{"embeddable":true,"href":"https:\/\/principesdeparis.es\/principes\/wp-json\/wp\/v2\/comments?post=17380"}],"version-history":[{"count":1,"href":"https:\/\/principesdeparis.es\/principes\/wp-json\/wp\/v2\/posts\/17380\/revisions"}],"predecessor-version":[{"id":17382,"href":"https:\/\/principesdeparis.es\/principes\/wp-json\/wp\/v2\/posts\/17380\/revisions\/17382"}],"wp:featuredmedia":[{"embeddable":true,"href":"https:\/\/principesdeparis.es\/principes\/wp-json\/wp\/v2\/media\/17381"}],"wp:attachment":[{"href":"https:\/\/principesdeparis.es\/principes\/wp-json\/wp\/v2\/media?parent=17380"}],"wp:term":[{"taxonomy":"category","embeddable":true,"href":"https:\/\/principesdeparis.es\/principes\/wp-json\/wp\/v2\/categories?post=17380"},{"taxonomy":"post_tag","embeddable":true,"href":"https:\/\/principesdeparis.es\/principes\/wp-json\/wp\/v2\/tags?post=17380"}],"curies":[{"name":"wp","href":"https:\/\/api.w.org\/{rel}","templated":true}]}}