{"id":17389,"date":"2025-01-11T11:38:38","date_gmt":"2025-01-11T11:38:38","guid":{"rendered":"https:\/\/principesdeparis.es\/principes\/?p=17389"},"modified":"2025-01-11T11:38:38","modified_gmt":"2025-01-11T11:38:38","slug":"la-leyenda-negra-y-cierta-de-aketxe","status":"publish","type":"post","link":"https:\/\/principesdeparis.es\/principes\/la-leyenda-negra-y-cierta-de-aketxe\/","title":{"rendered":"La leyenda negra y cierta de Aketxe"},"content":{"rendered":"<p><strong>El vizca\u00edno suma en el Real Zaragoza la tercera mayor participaci\u00f3n de su carrera en las 18 primeras jornadas de Liga sin apenas dejar huella<\/strong><\/p>\n<p>Ager Aketxe s\u00f3lo ha sido un futbolista diferencial la pasada temporada en el \u00c9ibar. 40 partidos, 34 de titular, 11 goles en el campeonato dom\u00e9stico. \u00abMe tengo que exigir m\u00e1s\u00bb, ha dicho esta ma\u00f1ana en relaci\u00f3n al rendimiento que est\u00e1 ofreciendo en el Real Zaragoza, donde el entrenador ha condicionado en no pocas alineaciones y sistemas para buscarle sitio y liderazgo. El vizca\u00edno ha adquirido en el conjunto aragon\u00e9s el tercer mayor protagonismo de su carrera en cuanto a tiempo disputado en las 18 primeras jornadas de Liga, y sin embargo apenas ha dejado huella a\u00fan. Un gol, en C\u00e1diz, dos asistencias y buen pu\u00f1ado de partidos intranscendentes han sido su respuesta a la fe ciega de V\u00edctor Fern\u00e1ndez en este n\u00f3mada de destellos demasiado parciales, por lo general concentrados en un poderoso golpeo de zurda que en La Romareda se salda por el momento con un penalti fallado y ninguna falta directa transformada. 963 minutos en 14 encuentros ha jugado en este tramo, poco menos que los 1008 del curso anterior a las \u00f3rdenes de Joseba Etxeberria. S\u00f3lo en otra ocasi\u00f3n en su extensa y dispersa trayectoria como profesional, en el Deportivo de la temporada 2019-2020 que descendi\u00f3 a 1\u00aa RFEF, llevaba m\u00e1s minutos a estas alturas: 1369.<\/p>\n<p>El mediapunta debut\u00f3 en el f\u00fatbol profesional con el Athletic el 17 de septiembre de 2014, en un partido de la fase de grupos de la Champions frente al Shakhtar Donetsk. Ernesto Valverde le concedi\u00f3 un cuarto de hora en sustituci\u00f3n de Munian. Ten\u00eda 21 a\u00f1os y dispuso, sin contabilizar la Copa, de 297 minutos el resto del curso con el primer equipo. Un a\u00f1o despu\u00e9s se redujo su intervenci\u00f3n a 186 con los mayores para, tras una negociaci\u00f3n con el Real Zaragoza que no fructific\u00f3, volver al filial, en una segunda vuelta en la que no pudo impedir el descenso de los cachorros que entrenaba Ziganda pese a sus ocho tantos. Sin lugar en los planes de Valverde, Aketxe inici\u00f3 una serie de cesiones, la primera al C\u00e1diz en la campa\u00f1a 2016-2017, con 745 minutos en este trecho, a falta de tres citas para el paso del ecuador. Su regreso a San Mam\u00e9s se tradujo en 38 minutos en el ejercicio completo, con m\u00e1s sitio en Copa y Europa League. De nuevo en direcci\u00f3n a C\u00e1diz y tambi\u00e9n en Segunda previa breve estancia en el Toronto de la Major League Soccer y ya desvinculado del Athletic, cont\u00f3 con 636 minutos en la primera vuelta, y, tras su paso por La Coru\u00f1a, en el Almer\u00eda acumul\u00f3 717 minutos en 18 encuentros.<\/p>\n<p>V\u00edctor Fern\u00e1ndez insiste en Aketxe, en un habitante de las lagunas que de vez en cuando ofrece un tesoro est\u00e9tico desde la profundidad de su intermitencia. Su leyenda es cierta: es un rey de las tinieblas con un t\u00edmido farol que enciende muy de vez en cuando. En los 12 partidos que ha comenzado como titular, el Real Zaragoza s\u00f3lo ha ganado dos estando el vasco en el campo, contra Tenerife (2-3) y Granada (2-1). En el triunfo en Elda fue sustituido por Liso en el minuto 80 cuando el marcador se\u00f1ala 2-2. El canterano hizo el 2-3.<\/p>\n","protected":false},"excerpt":{"rendered":"<p>El vizca\u00edno suma en el Real Zaragoza la tercera mayor participaci\u00f3n de su carrera en las 18 primeras jornadas de Liga sin apenas dejar huella Ager Aketxe s\u00f3lo ha sido un futbolista diferencial la pasada temporada en el \u00c9ibar. 40 partidos, 34 de titular, 11 goles en el campeonato dom\u00e9stico. <a class=\"read-more\" href=\"https:\/\/principesdeparis.es\/principes\/la-leyenda-negra-y-cierta-de-aketxe\/\">Sigue leyendo<\/a><\/p>\n","protected":false},"author":2,"featured_media":17390,"comment_status":"open","ping_status":"open","sticky":false,"template":"","format":"standard","meta":{"footnotes":""},"categories":[13,1],"tags":[],"class_list":["post-17389","post","type-post","status-publish","format-standard","has-post-thumbnail","hentry","category-publicidad","category-real-zaragoza"],"_links":{"self":[{"href":"https:\/\/principesdeparis.es\/principes\/wp-json\/wp\/v2\/posts\/17389","targetHints":{"allow":["GET"]}}],"collection":[{"href":"https:\/\/principesdeparis.es\/principes\/wp-json\/wp\/v2\/posts"}],"about":[{"href":"https:\/\/principesdeparis.es\/principes\/wp-json\/wp\/v2\/types\/post"}],"author":[{"embeddable":true,"href":"https:\/\/principesdeparis.es\/principes\/wp-json\/wp\/v2\/users\/2"}],"replies":[{"embeddable":true,"href":"https:\/\/principesdeparis.es\/principes\/wp-json\/wp\/v2\/comments?post=17389"}],"version-history":[{"count":1,"href":"https:\/\/principesdeparis.es\/principes\/wp-json\/wp\/v2\/posts\/17389\/revisions"}],"predecessor-version":[{"id":17391,"href":"https:\/\/principesdeparis.es\/principes\/wp-json\/wp\/v2\/posts\/17389\/revisions\/17391"}],"wp:featuredmedia":[{"embeddable":true,"href":"https:\/\/principesdeparis.es\/principes\/wp-json\/wp\/v2\/media\/17390"}],"wp:attachment":[{"href":"https:\/\/principesdeparis.es\/principes\/wp-json\/wp\/v2\/media?parent=17389"}],"wp:term":[{"taxonomy":"category","embeddable":true,"href":"https:\/\/principesdeparis.es\/principes\/wp-json\/wp\/v2\/categories?post=17389"},{"taxonomy":"post_tag","embeddable":true,"href":"https:\/\/principesdeparis.es\/principes\/wp-json\/wp\/v2\/tags?post=17389"}],"curies":[{"name":"wp","href":"https:\/\/api.w.org\/{rel}","templated":true}]}}