{"id":17392,"date":"2025-01-11T11:40:50","date_gmt":"2025-01-11T11:40:50","guid":{"rendered":"https:\/\/principesdeparis.es\/principes\/?p=17392"},"modified":"2025-01-11T11:40:50","modified_gmt":"2025-01-11T11:40:50","slug":"dudas-deportivas-y-personales","status":"publish","type":"post","link":"https:\/\/principesdeparis.es\/principes\/dudas-deportivas-y-personales\/","title":{"rendered":"Dudas deportivas y personales"},"content":{"rendered":"<p>La primera vez que pis\u00e9 el campo de Ipur\u00faa fue el 12 de diciembre del a\u00f1o 2000. Era un estadio peque\u00f1o, con edificios alrededor y un p\u00fablico que sab\u00eda del potencial de un Real Zaragoza que en esa edici\u00f3n le gan\u00f3 en la final al entonces Celta de V\u00edctor Fern\u00e1ndez por 3-1 en La Cartuja. En el campo del \u00c9ibar conoc\u00ed a Pedro Hern\u00e1ndez, con el que trabaj\u00e9 en Antena Arag\u00f3n durante casi tres a\u00f1os y que se incorpor\u00f3 a Arag\u00f3n TV uno despu\u00e9s de que me hiciera responsable de la redacci\u00f3n deportiva y transmisiones de Arag\u00f3n Radio. Una aut\u00e9ntica decepci\u00f3n al cabo de los a\u00f1os despu\u00e9s de compartir proyectos durante varias temporadas hasta que el grupo Heraldo se hizo cargo de toda la programaci\u00f3n informativa y deportiva de la casa y decid\u00ed jubilarme al cumplir sobradamente los a\u00f1os de cotizaci\u00f3n.<\/p>\n<p>Volviendo al primer \u00c9ibar-Real Zaragoza que presenci\u00e9 in situ recuerdo otra an\u00e9cdota que ya he comentado en alguna ocasi\u00f3n pero que me apetece repetir en este art\u00edculo; al final del partido, que termin\u00f3 con victoria blanquilla por 0-1, les di paso a trav\u00e9s del inal\u00e1mbrico a Paco Gim\u00e9nez y a Santiago S\u00e1ez, ambos incorporados a Radio Zaragoza por decisi\u00f3n m\u00eda a\u00f1os antes, con dos micr\u00f3fonos para entrevistar a m\u00e1s jugadores. Su competitividad hizo que cada uno fuera por su lado y los cables se soltaran del equipo, que cay\u00f3 sobre el terreno de juego mientras entrevistaban durante unos segundos a los futbolistas hasta que se dieron cuenta de la situaci\u00f3n.<\/p>\n<p>Ha pasado casi un cuarto de siglo desde entonces y el conjunto armero despu\u00e9s de varios a\u00f1os en Segunda descendi\u00f3 a Segunda B y hasta la temporada 2014-2015 no consigui\u00f3 por primera vez el premio de jugar en Primera. Los vascos est\u00e1n a solamente dos puntos del Real Zaragoza en la tabla clasificatoria y de ah\u00ed la necesidad de ganar como sea despu\u00e9s de una larga racha sin sumar un triunfo y con ausencias en la alineaci\u00f3n titular. Con las dudas deportivas y personales que asoman a estas alturas de competici\u00f3n.<\/p>\n","protected":false},"excerpt":{"rendered":"<p>La primera vez que pis\u00e9 el campo de Ipur\u00faa fue el 12 de diciembre del a\u00f1o 2000. Era un estadio peque\u00f1o, con edificios alrededor y un p\u00fablico que sab\u00eda del potencial de un Real Zaragoza que en esa edici\u00f3n le gan\u00f3 en la final al entonces Celta de V\u00edctor Fern\u00e1ndez <a class=\"read-more\" href=\"https:\/\/principesdeparis.es\/principes\/dudas-deportivas-y-personales\/\">Sigue leyendo<\/a><\/p>\n","protected":false},"author":3,"featured_media":17393,"comment_status":"open","ping_status":"open","sticky":false,"template":"","format":"standard","meta":{"footnotes":""},"categories":[16,13],"tags":[],"class_list":["post-17392","post","type-post","status-publish","format-standard","has-post-thumbnail","hentry","category-el10","category-publicidad"],"_links":{"self":[{"href":"https:\/\/principesdeparis.es\/principes\/wp-json\/wp\/v2\/posts\/17392","targetHints":{"allow":["GET"]}}],"collection":[{"href":"https:\/\/principesdeparis.es\/principes\/wp-json\/wp\/v2\/posts"}],"about":[{"href":"https:\/\/principesdeparis.es\/principes\/wp-json\/wp\/v2\/types\/post"}],"author":[{"embeddable":true,"href":"https:\/\/principesdeparis.es\/principes\/wp-json\/wp\/v2\/users\/3"}],"replies":[{"embeddable":true,"href":"https:\/\/principesdeparis.es\/principes\/wp-json\/wp\/v2\/comments?post=17392"}],"version-history":[{"count":1,"href":"https:\/\/principesdeparis.es\/principes\/wp-json\/wp\/v2\/posts\/17392\/revisions"}],"predecessor-version":[{"id":17394,"href":"https:\/\/principesdeparis.es\/principes\/wp-json\/wp\/v2\/posts\/17392\/revisions\/17394"}],"wp:featuredmedia":[{"embeddable":true,"href":"https:\/\/principesdeparis.es\/principes\/wp-json\/wp\/v2\/media\/17393"}],"wp:attachment":[{"href":"https:\/\/principesdeparis.es\/principes\/wp-json\/wp\/v2\/media?parent=17392"}],"wp:term":[{"taxonomy":"category","embeddable":true,"href":"https:\/\/principesdeparis.es\/principes\/wp-json\/wp\/v2\/categories?post=17392"},{"taxonomy":"post_tag","embeddable":true,"href":"https:\/\/principesdeparis.es\/principes\/wp-json\/wp\/v2\/tags?post=17392"}],"curies":[{"name":"wp","href":"https:\/\/api.w.org\/{rel}","templated":true}]}}