{"id":17395,"date":"2025-01-11T11:43:28","date_gmt":"2025-01-11T11:43:28","guid":{"rendered":"https:\/\/principesdeparis.es\/principes\/?p=17395"},"modified":"2025-01-11T11:43:28","modified_gmt":"2025-01-11T11:43:28","slug":"victor-fernandez-no-me-importa-como-estemos-en-el-kilometro-18-esto-es-una-maraton","status":"publish","type":"post","link":"https:\/\/principesdeparis.es\/principes\/victor-fernandez-no-me-importa-como-estemos-en-el-kilometro-18-esto-es-una-maraton\/","title":{"rendered":"V\u00edctor Fern\u00e1ndez: \u00abNo me importa c\u00f3mo estemos en el kil\u00f3metro 18, esto es una marat\u00f3n\u00bb"},"content":{"rendered":"<p><strong>Sober\u00f3n y Luna:<\/strong> \u00abEs la primera vez que Sober\u00f3n ha encadenado cuatro entrenamientos con el resto de sus compa\u00f1eros. Necesita ritmo y participaci\u00f3n, que a\u00fan le faltan. Luna ha tenido problemas con su rodilla pero ir\u00e1 convocado con opciones de jugar sin riesgo de que su lesi\u00f3n empeore porque la tenemos controlada\u00bb.<\/p>\n<p><strong>Opciones contra el Eibar:<\/strong> \u00abSi seguimos y potenciamos la l\u00ednea de los dos \u00faltimos partidos. Vamos recuperando jugadores a nivel de juego y an\u00edmico. Hay que mejorar el acierto, pero estoy tranquilo. Veo al equipo muy entero. Las sensaciones son muy buenas. En La Coru\u00f1a mejoramos el rendimiento contra el Granada y me dej\u00f3 muy satisfecho. me di cuenta que fuimos un equipo dominante en todas las facetas menos en el marcador\u00bb.<\/p>\n<p><strong>Reforzados:<\/strong> \u00abEl equipo tuvo mucho vuelo, gener\u00f3 mucho. Toda fluye con mucha naturalidad como se vio en Riazor con el nuevo dibujo. Hasta que logremos recuperar a tres o cuatro atacantes estamos bien y tendremos una mayor rotaci\u00f3n en cuanto vuelva esa gente\u00bb.<\/p>\n<p><strong>Partido:<\/strong> \u00abMe gusta la estructura del Eibar. Da la impresi\u00f3n de que no tengan los jugadores tan decisivos como otras veces. Su nivel de juego est\u00e1 por encima de los resultados alcanzados. Dispone de profundidad de los laterales, en un campo complicado por sus dimensiones, y se nota. Ellos se adaptan muy bien. No s\u00e9 si ser\u00e1 igual que en Riazor. Nosotros tampoco somos un equipo c\u00f3modo para el rival\u00bb.<\/p>\n<p><strong>El nuevo sistema y el ataque:<\/strong> \u00abTodos los dibujos te permiten alcanzar los objetivos, y lo m\u00e1s importante es que los futbolistas est\u00e9n en sus mejores posiciones, en su h\u00e1bitat natural. Ah\u00ed hemos dado un paso adelante. Los jugadores se sienten mejor en el reparto de alturas y eso nos facilita llegar arriba en m\u00e1s ocasiones\u00bb.<\/p>\n<p><strong>Alejamiento en la tabla:<\/strong> \u00abLa categor\u00eda te explica la situaci\u00f3n de los equipos y sus trayectorias. Es muy larga, con 42 kil\u00f3metros. Lo importante no es c\u00f3mo estas en el 18. Lo hay que hacer es tener templanza desde la convicci\u00f3n de que el equipo se le vea entero. No va a la deriva porque y podemos ganar a cualquiera. Estamos en una marat\u00f3n. Nos gustar\u00eda ir con m\u00e1s puntos, pero eso no dice nada. Debemos llegar a las diez \u00faltimas jornadas con posibilidades para todo. Esta semana tenemos que sostenernos y agarrar la mayor\u00eda de los nueve puntos que se disputan. Por mi cabeza no pasa el ascenso directo de forma rotunda\u00bb.<\/p>\n<p><strong>A estas alturas d\u00e9cimo:<\/strong> \u00abYo hubiera firmado al principio de temporada ir el primero con 20 puntos sobre el segundo. Eso en el terreno de la hip\u00f3tesis. Estamos a un partido del playoff despu\u00e9s de todos los cambios y los problemas que hemos sufrido no es nada sencillo. Estamos construyendo una base de cara al futuro mucho m\u00e1s importante que en a\u00f1os anteriores. Seguro que as\u00ed no tendremos que buscar la temporada que viene a 14 jugadores, porque de esa forma es muy dif\u00edcil acertar\u00bb.<\/p>\n","protected":false},"excerpt":{"rendered":"<p>Sober\u00f3n y Luna: \u00abEs la primera vez que Sober\u00f3n ha encadenado cuatro entrenamientos con el resto de sus compa\u00f1eros. Necesita ritmo y participaci\u00f3n, que a\u00fan le faltan. Luna ha tenido problemas con su rodilla pero ir\u00e1 convocado con opciones de jugar sin riesgo de que su lesi\u00f3n empeore porque la <a class=\"read-more\" href=\"https:\/\/principesdeparis.es\/principes\/victor-fernandez-no-me-importa-como-estemos-en-el-kilometro-18-esto-es-una-maraton\/\">Sigue leyendo<\/a><\/p>\n","protected":false},"author":2,"featured_media":17396,"comment_status":"open","ping_status":"open","sticky":false,"template":"","format":"standard","meta":{"footnotes":""},"categories":[13,1],"tags":[],"class_list":["post-17395","post","type-post","status-publish","format-standard","has-post-thumbnail","hentry","category-publicidad","category-real-zaragoza"],"_links":{"self":[{"href":"https:\/\/principesdeparis.es\/principes\/wp-json\/wp\/v2\/posts\/17395","targetHints":{"allow":["GET"]}}],"collection":[{"href":"https:\/\/principesdeparis.es\/principes\/wp-json\/wp\/v2\/posts"}],"about":[{"href":"https:\/\/principesdeparis.es\/principes\/wp-json\/wp\/v2\/types\/post"}],"author":[{"embeddable":true,"href":"https:\/\/principesdeparis.es\/principes\/wp-json\/wp\/v2\/users\/2"}],"replies":[{"embeddable":true,"href":"https:\/\/principesdeparis.es\/principes\/wp-json\/wp\/v2\/comments?post=17395"}],"version-history":[{"count":1,"href":"https:\/\/principesdeparis.es\/principes\/wp-json\/wp\/v2\/posts\/17395\/revisions"}],"predecessor-version":[{"id":17397,"href":"https:\/\/principesdeparis.es\/principes\/wp-json\/wp\/v2\/posts\/17395\/revisions\/17397"}],"wp:featuredmedia":[{"embeddable":true,"href":"https:\/\/principesdeparis.es\/principes\/wp-json\/wp\/v2\/media\/17396"}],"wp:attachment":[{"href":"https:\/\/principesdeparis.es\/principes\/wp-json\/wp\/v2\/media?parent=17395"}],"wp:term":[{"taxonomy":"category","embeddable":true,"href":"https:\/\/principesdeparis.es\/principes\/wp-json\/wp\/v2\/categories?post=17395"},{"taxonomy":"post_tag","embeddable":true,"href":"https:\/\/principesdeparis.es\/principes\/wp-json\/wp\/v2\/tags?post=17395"}],"curies":[{"name":"wp","href":"https:\/\/api.w.org\/{rel}","templated":true}]}}