{"id":17408,"date":"2025-01-11T11:54:40","date_gmt":"2025-01-11T11:54:40","guid":{"rendered":"https:\/\/principesdeparis.es\/principes\/?p=17408"},"modified":"2025-01-11T12:04:03","modified_gmt":"2025-01-11T12:04:03","slug":"el-uno-a-uno-del-eibar-real-zaragoza-4","status":"publish","type":"post","link":"https:\/\/principesdeparis.es\/principes\/el-uno-a-uno-del-eibar-real-zaragoza-4\/","title":{"rendered":"El uno a uno del Eibar-Real Zaragoza"},"content":{"rendered":"<p><strong>Liso y Pau Sans sacan los colores al entrenador<\/strong><\/p>\n<p>(Las puntuaciones se establecen de 0 a 10. \/ S.C., sin calificar)<\/p>\n<p><strong>Femen\u00edas 2<\/strong><\/p>\n<p>Impreciso<\/p>\n<p>Aunque en los goles encajados no tuvo responsabilidad, con los pies dio un recital lamentable.<\/p>\n<p><strong>Luna 5<\/strong><\/p>\n<p>Roto<\/p>\n<p>Fue el \u00fanico, junto a Francho, que quiso profundizar y plantar cara al Eibar, pero muy solo hasta acabar literalmente reventado<\/p>\n<p><strong>Lluis L\u00f3pez 0<\/strong><\/p>\n<p>Hueco<\/p>\n<p>Sigue demostrando porque era el cuarto central y que su f\u00fatbol crece de la consistencia para ese puesto. Su salida con la pelota creo inquietud.<\/p>\n<p><strong>Jair 0<\/strong><\/p>\n<p>Perdido<\/p>\n<p>Se le not\u00f3 m\u00e1s que nunca que no est\u00e1 para salir de zona, y cuando lo hizo qued\u00f3 desnudo. Cometi\u00f3 un error monumental en el segundo gol.<\/p>\n<p><strong>Clemente 0<\/strong><\/p>\n<p>Superado<\/p>\n<p>Otra vez le ganaron la espalda con una facilidad pasmosa en el primer tanto, sin aportar nada m\u00e1s en el tri\u00e1ngulo de la muerte.<\/p>\n<p><strong>Iv\u00e1n Calero 2<\/strong><\/p>\n<p>Acelerado<\/p>\n<p>De lateral izquierdo empieza ya a sufrir por estar fuera de su territorio natural. Puso empe\u00f1o pero sin templanza.<\/p>\n<p><strong>Aguado 2<\/strong><\/p>\n<p>Gris<\/p>\n<p>No termina de tomar el tim\u00f3n, corriendo detr\u00e1s de sombras y sin que sus compa\u00f1eros le busquen o le encuentren.<\/p>\n<p><strong>Francho 5<\/strong><\/p>\n<p>Coraz\u00f3n<\/p>\n<p>Su compromiso emociona incluso en un partido como el de Ipurua, aunque su lucha quede en nada, brilla su orgullo.<\/p>\n<p><strong>Adu Ares 0<\/strong><\/p>\n<p>Inoperante<\/p>\n<p>Diagonales, pases atr\u00e1s y p\u00e9rdidas en los duelos individuales. Nada nuevo en el repertorio laxo y habitual del vizca\u00edno.<\/p>\n<p><strong>Aketxe 0<\/strong><\/p>\n<p>Flem\u00e1tico<\/p>\n<p>Un tiro a puerta y un paseo por Eibar al trote, a mil a\u00f1os luz ya no de su mejor versi\u00f3n, sino de ser m\u00ednimamente aprovechable.<\/p>\n<p><strong>Iv\u00e1n Az\u00f3n 1<\/strong><\/p>\n<p>Atribulado<\/p>\n<p>En un contragolpe con todo a favor se aceler\u00f3 y se cay\u00f3. No super\u00f3 ese momento ni los rotundos marcajes de Chema y Arambarri.<\/p>\n<p>Tambi\u00e9n jugaron<\/p>\n<p>Moya 3<\/p>\n<p>Liso 7<\/p>\n<p>&nbsp;<\/p>\n<p>Pau Sans 6<\/p>\n<p>&nbsp;<\/p>\n<p>Sober\u00f3n 2<\/p>\n<p>&nbsp;<\/p>\n<p>Mar\u00ed 1<\/p>\n","protected":false},"excerpt":{"rendered":"<p>Liso y Pau Sans sacan los colores al entrenador (Las puntuaciones se establecen de 0 a 10. \/ S.C., sin calificar) Femen\u00edas 2 Impreciso Aunque en los goles encajados no tuvo responsabilidad, con los pies dio un recital lamentable. Luna 5 Roto Fue el \u00fanico, junto a Francho, que quiso <a class=\"read-more\" href=\"https:\/\/principesdeparis.es\/principes\/el-uno-a-uno-del-eibar-real-zaragoza-4\/\">Sigue leyendo<\/a><\/p>\n","protected":false},"author":2,"featured_media":17409,"comment_status":"open","ping_status":"open","sticky":false,"template":"","format":"standard","meta":{"footnotes":""},"categories":[13,1],"tags":[],"class_list":["post-17408","post","type-post","status-publish","format-standard","has-post-thumbnail","hentry","category-publicidad","category-real-zaragoza"],"_links":{"self":[{"href":"https:\/\/principesdeparis.es\/principes\/wp-json\/wp\/v2\/posts\/17408","targetHints":{"allow":["GET"]}}],"collection":[{"href":"https:\/\/principesdeparis.es\/principes\/wp-json\/wp\/v2\/posts"}],"about":[{"href":"https:\/\/principesdeparis.es\/principes\/wp-json\/wp\/v2\/types\/post"}],"author":[{"embeddable":true,"href":"https:\/\/principesdeparis.es\/principes\/wp-json\/wp\/v2\/users\/2"}],"replies":[{"embeddable":true,"href":"https:\/\/principesdeparis.es\/principes\/wp-json\/wp\/v2\/comments?post=17408"}],"version-history":[{"count":1,"href":"https:\/\/principesdeparis.es\/principes\/wp-json\/wp\/v2\/posts\/17408\/revisions"}],"predecessor-version":[{"id":17410,"href":"https:\/\/principesdeparis.es\/principes\/wp-json\/wp\/v2\/posts\/17408\/revisions\/17410"}],"wp:featuredmedia":[{"embeddable":true,"href":"https:\/\/principesdeparis.es\/principes\/wp-json\/wp\/v2\/media\/17409"}],"wp:attachment":[{"href":"https:\/\/principesdeparis.es\/principes\/wp-json\/wp\/v2\/media?parent=17408"}],"wp:term":[{"taxonomy":"category","embeddable":true,"href":"https:\/\/principesdeparis.es\/principes\/wp-json\/wp\/v2\/categories?post=17408"},{"taxonomy":"post_tag","embeddable":true,"href":"https:\/\/principesdeparis.es\/principes\/wp-json\/wp\/v2\/tags?post=17408"}],"curies":[{"name":"wp","href":"https:\/\/api.w.org\/{rel}","templated":true}]}}