{"id":17411,"date":"2025-01-11T12:06:53","date_gmt":"2025-01-11T12:06:53","guid":{"rendered":"https:\/\/principesdeparis.es\/principes\/?p=17411"},"modified":"2025-01-11T12:06:53","modified_gmt":"2025-01-11T12:06:53","slug":"no-pronunciaras-el-ascenso-en-vano","status":"publish","type":"post","link":"https:\/\/principesdeparis.es\/principes\/no-pronunciaras-el-ascenso-en-vano\/","title":{"rendered":"No pronunciar\u00e1s el ascenso en vano"},"content":{"rendered":"<p><strong>Jorge M\u00e1s, Ra\u00fal Sanlleh\u00ed, Fernando L\u00f3pez, Juan Carlos Cordero y V\u00edctor Fern\u00e1ndez han se\u00f1alado en sus apariciones en el tiempo que el regreso a Primera era, a nivel personal y colectivo, un objetivo a corto plazo<\/strong><\/p>\n<p>La tercera temporada amenaza con tampoco ser la del ascenso, una carta de presentaci\u00f3n com\u00fan de los diferentes personajes que han ido desfilando por el Real Zaragoza desde que el fondo de inversi\u00f3n se hizo cargo del club. El presidente, los directores generales, el director deportivo y el \u00faltimo entrenador se han marcado como fin de hoja de ruta el regreso a Primera. La hemeroteca rescata sus palabras, a las que algunos de ellos, sobre todo V\u00edctor Fern\u00e1ndez, ha ido a\u00f1adiendo matices sobre la necesidad de reforzar la plantilla hasta concluir, con la ca\u00edda del equipo tras seis jornadas sin ganar, que nunca se le pas\u00f3 por la cabeza que se pudiera conseguir de forma directa.<\/p>\n<p><strong>Jorge Mas<\/strong><\/p>\n<p>24 MAYO 2022<\/p>\n<p>\u00abEl ascenso del Real Zaragoza es la prioridad y no escatimaremos recursos\u00bb.<\/p>\n<p>19 DICIEMBRE 2023<\/p>\n<p>\u00abTengo ambici\u00f3n, la paciencia no es algo que me caracteriza y queremos llegar a Primera inmediatamente, este a\u00f1o. Se dieron muchos pasos para mejorar la plantilla en verano y se logr\u00f3, tuvimos lesiones, que son excusas, pero es la realidad. Nuestro deseo es llegar a Primera ayer, pero vamos a dar los pasos para lograrlo cuando se debe y lo antes posible. Y hay que competir para hacerlo esta temporada, esto no es decir en dos o tres a\u00f1os, hay que batallarlo ahora, empezando por ganar ma\u00f1ana al Levante\u201d.<\/p>\n<p><strong>Ra\u00fal Sanlleh\u00ed<\/strong><\/p>\n<p>9 SEPTIEMBRE 2022<\/p>\n<p>\u00abEl fin es el ascenso, para eso hemos venido\u00bb<\/p>\n<p>08 ENERO 2024<\/p>\n<p>\u00abEl ascenso es claramente posible\u00bb.<\/p>\n<p><strong>Juan Carlos Cordero<\/strong><\/p>\n<p>11 MAYO 2023<\/p>\n<p>\u00abEl objetivo tiene que ser estar entre los mejores\u00bb<\/p>\n<p><strong>Fernando L\u00f3pez<\/strong><\/p>\n<p>13 AGOSTO 2024<\/p>\n<p>\u00abEs hora de quitarnos la careta, el objetivo es el ascenso. Tenemos una plantilla muy competitiva y el mejor equipo de las \u00faltimas temporadas\u00bb.<\/p>\n<p><strong>V\u00edctor Fern\u00e1ndez<\/strong><\/p>\n<p>15 AGOSTO 2024<\/p>\n<p>\u00abMi aspiraci\u00f3n es luchar por el ascenso. Es la raz\u00f3n por la que acept\u00e9 continuar en el Real Zaragoza, quer\u00eda crear un equipo que nos diera esas opciones. Me siento identificado con las palabras de Fernando L\u00f3pez\u00bb.<\/p>\n<p>&nbsp;<\/p>\n","protected":false},"excerpt":{"rendered":"<p>Jorge M\u00e1s, Ra\u00fal Sanlleh\u00ed, Fernando L\u00f3pez, Juan Carlos Cordero y V\u00edctor Fern\u00e1ndez han se\u00f1alado en sus apariciones en el tiempo que el regreso a Primera era, a nivel personal y colectivo, un objetivo a corto plazo La tercera temporada amenaza con tampoco ser la del ascenso, una carta de presentaci\u00f3n <a class=\"read-more\" href=\"https:\/\/principesdeparis.es\/principes\/no-pronunciaras-el-ascenso-en-vano\/\">Sigue leyendo<\/a><\/p>\n","protected":false},"author":2,"featured_media":17412,"comment_status":"open","ping_status":"open","sticky":false,"template":"","format":"standard","meta":{"footnotes":""},"categories":[13,1],"tags":[],"class_list":["post-17411","post","type-post","status-publish","format-standard","has-post-thumbnail","hentry","category-publicidad","category-real-zaragoza"],"_links":{"self":[{"href":"https:\/\/principesdeparis.es\/principes\/wp-json\/wp\/v2\/posts\/17411","targetHints":{"allow":["GET"]}}],"collection":[{"href":"https:\/\/principesdeparis.es\/principes\/wp-json\/wp\/v2\/posts"}],"about":[{"href":"https:\/\/principesdeparis.es\/principes\/wp-json\/wp\/v2\/types\/post"}],"author":[{"embeddable":true,"href":"https:\/\/principesdeparis.es\/principes\/wp-json\/wp\/v2\/users\/2"}],"replies":[{"embeddable":true,"href":"https:\/\/principesdeparis.es\/principes\/wp-json\/wp\/v2\/comments?post=17411"}],"version-history":[{"count":1,"href":"https:\/\/principesdeparis.es\/principes\/wp-json\/wp\/v2\/posts\/17411\/revisions"}],"predecessor-version":[{"id":17413,"href":"https:\/\/principesdeparis.es\/principes\/wp-json\/wp\/v2\/posts\/17411\/revisions\/17413"}],"wp:featuredmedia":[{"embeddable":true,"href":"https:\/\/principesdeparis.es\/principes\/wp-json\/wp\/v2\/media\/17412"}],"wp:attachment":[{"href":"https:\/\/principesdeparis.es\/principes\/wp-json\/wp\/v2\/media?parent=17411"}],"wp:term":[{"taxonomy":"category","embeddable":true,"href":"https:\/\/principesdeparis.es\/principes\/wp-json\/wp\/v2\/categories?post=17411"},{"taxonomy":"post_tag","embeddable":true,"href":"https:\/\/principesdeparis.es\/principes\/wp-json\/wp\/v2\/tags?post=17411"}],"curies":[{"name":"wp","href":"https:\/\/api.w.org\/{rel}","templated":true}]}}