{"id":17414,"date":"2025-01-11T12:08:50","date_gmt":"2025-01-11T12:08:50","guid":{"rendered":"https:\/\/principesdeparis.es\/principes\/?p=17414"},"modified":"2025-01-11T12:08:50","modified_gmt":"2025-01-11T12:08:50","slug":"victor-un-alma-en-pena-que-agota-su-gloria","status":"publish","type":"post","link":"https:\/\/principesdeparis.es\/principes\/victor-un-alma-en-pena-que-agota-su-gloria\/","title":{"rendered":"V\u00edctor, un alma en pena que agota su gloria"},"content":{"rendered":"<p>El ba\u00f1o turco que suele ser la sala de prensa de La Romareda cuando V\u00edctor Fern\u00e1ndez la visita, hoy se ha despejado por algunos momentos de la vaporosa atm\u00f3sfera que se crea para relax del entrenador. No se ha sentido tan c\u00f3modo el t\u00e9cnico al explicar primero la nueva lesi\u00f3n de Mario Sober\u00f3n en el cu\u00e1driceps de la pierna derecha y mucho menos cuando se le ha preguntado si el club le ha transmitido alg\u00fan mensaje por una situaci\u00f3n y unos resultados que a otro trabajador de esta profesi\u00f3n a quien se le hubiera encomendado el ascenso le hubiese supuesto el despido procedente. \u00abTengo la m\u00e1xima confianza, absoluta\u00bb, ha sido su escueta respuesta. La conclusi\u00f3n del todo que circunda la actualidad del Real Zaragoza solicita un examen deportivo, pero tambi\u00e9n m\u00e9dico, ambos obligatorios porque su salud es muy preocupante y no tiene cura o alivio mientras la vitalidad del equipo dependa de personalidades cuyo car\u00e1cter y la simbiosis que comparten no hace m\u00e1s que agravar un estado ya de por s\u00ed alarmante.<\/p>\n<p>Sober\u00f3n se ha vuelto a romper despu\u00e9s que dos meses de recuperaci\u00f3n para un dolencia que requer\u00eda un tiempo bastante m\u00e1s corto, una microrrotura en el isquiotibial. El futbolista ha transmitido en numerosas ocasiones que no estaba bien pese a que las etapas parec\u00edan cumplidas, y se ha llegado incluso a ironizar con sus sensaciones. Citado para la Copa, en el calentamiento coment\u00f3 que no se ve\u00eda para jugar. Con el alta m\u00e9dica, se le convoc\u00f3 para Eibar, donde disput\u00f3 21 minutos para regresar a la enfermer\u00eda con \u00abuna lesi\u00f3n muscular a nivel del recto anterior del cu\u00e1driceps derecho\u00bb que le tendr\u00e1 de baja un mes como m\u00ednimo. Aqu\u00ed hay tres responsables que deber\u00edan rendir cuentas. El doctor Ireneo de los M\u00e1rtires, cuya labor ya se ha cuestionado y duramente criticado por la plantilla en m\u00e1s de una oportunidad, el recuperador, Andr\u00e9s Ubieto, y el entrenador. Aunque el lugar del traumatismo es distinto cuesta creer que no guarde una relaci\u00f3n de desequilibrios f\u00edsicos, producto de una gesti\u00f3n tripartita con un alto rango de imprudencia temeraria. Sober\u00f3n es un patrimonio del club, que como empresa deber\u00eda personarse para enjuiciar con severidad este perjuicio a sus intereses.<\/p>\n<p>Aunque el agua est\u00e1 ocupando la mayor parte de la cubierta del Real Zaragoza, V\u00edctor Fern\u00e1ndez no deja de chapotear seguro de que puede reflotarlo. La escena resulta absurda porque ha sido \u00e9l quien no ha dejado de colocar explosivos en el casco a lo largo de toda la traves\u00eda: desde que asumi\u00f3 el reto del ascenso pese a que la revoluci\u00f3n que exig\u00eda en el vestuario nunca se produjo, hasta este punto del viaje donde los futbolistas empiezan a subirse a las lanchas salvavidas tras descubrir que el capit\u00e1n vive con su gloria en el camarote de los hermanos Marx. V\u00edctor sigue sin entender que el f\u00fatbol no distingue a los inmortales que presentan esa tarjeta como aval para continuar en activo. La Copa, la Recopa y la primorosa plantilla de mediados de los noventa del siglo XX permanecen intactas y veneradas en las vitrinas de la memoria popular. \u00c9l pod\u00eda haber tenido su lugar perenne en la memoria de la afici\u00f3n, pero ha querido elevarse por encima de la leyenda compartida y erigirse en sumo sacerdote del zaragocismo de todos los tiempos, y que mejor guinda de narcisismo que ser el gu\u00eda espiritual del ascenso.<\/p>\n<p>En Ipurua ya escuch\u00f3 la m\u00fasica de los funerales sin marcha atr\u00e1s. \u00abV\u00edctor, vete ya\u00bb, un c\u00e1ntico que jam\u00e1s es casual. Posiblemente sea la primera vez en sus diferentes \u00e9pocas en la entidad que los seguidores le muestran la puerta de salida. Hay motivos suficientes para su destituci\u00f3n, si bien la directiva est\u00e1 midiendo el impacto que tendr\u00eda esa decisi\u00f3n porque perder\u00eda su principal pantalla de protecci\u00f3n, algo que en realidad le importa un comino una vez que sus mentiras van transform\u00e1ndose en el estadio que le va a construir Arag\u00f3n. A ver qu\u00e9 ocurre ma\u00f1ana con el Real Oviedo, a ver lo que sucede con el Racing de Ferrol&#8230; Se puede dar cualquier marcador contra un aspirante al playoff y con un equipo que pelea por la permanencia, y ese c\u00famulo de dudas es lo que realmente evidencia la tremenda crisis que atraviesa el Real Zaragoza, destinado a la gloria con un glorioso que fuera del palacio que le construy\u00f3 el destino es un plebeyo m\u00e1s. Se hunde el barco, se caen las murallas y el entrenador ordena desde un puesto anacr\u00f3nico de mando, desde la ficci\u00f3n de que el zaragocismo le pertenece y le debe una. Qu\u00e9 l\u00e1stima que saliera del museo, donde estaba tan bien considerado, donde nunca pasar\u00e1n Gil Mar\u00edn y los fondos buitre a los que V\u00edctor ha vendido su alma.<\/p>\n","protected":false},"excerpt":{"rendered":"<p>El ba\u00f1o turco que suele ser la sala de prensa de La Romareda cuando V\u00edctor Fern\u00e1ndez la visita, hoy se ha despejado por algunos momentos de la vaporosa atm\u00f3sfera que se crea para relax del entrenador. No se ha sentido tan c\u00f3modo el t\u00e9cnico al explicar primero la nueva lesi\u00f3n <a class=\"read-more\" href=\"https:\/\/principesdeparis.es\/principes\/victor-un-alma-en-pena-que-agota-su-gloria\/\">Sigue leyendo<\/a><\/p>\n","protected":false},"author":2,"featured_media":17415,"comment_status":"open","ping_status":"open","sticky":false,"template":"","format":"standard","meta":{"footnotes":""},"categories":[13,1],"tags":[],"class_list":["post-17414","post","type-post","status-publish","format-standard","has-post-thumbnail","hentry","category-publicidad","category-real-zaragoza"],"_links":{"self":[{"href":"https:\/\/principesdeparis.es\/principes\/wp-json\/wp\/v2\/posts\/17414","targetHints":{"allow":["GET"]}}],"collection":[{"href":"https:\/\/principesdeparis.es\/principes\/wp-json\/wp\/v2\/posts"}],"about":[{"href":"https:\/\/principesdeparis.es\/principes\/wp-json\/wp\/v2\/types\/post"}],"author":[{"embeddable":true,"href":"https:\/\/principesdeparis.es\/principes\/wp-json\/wp\/v2\/users\/2"}],"replies":[{"embeddable":true,"href":"https:\/\/principesdeparis.es\/principes\/wp-json\/wp\/v2\/comments?post=17414"}],"version-history":[{"count":1,"href":"https:\/\/principesdeparis.es\/principes\/wp-json\/wp\/v2\/posts\/17414\/revisions"}],"predecessor-version":[{"id":17416,"href":"https:\/\/principesdeparis.es\/principes\/wp-json\/wp\/v2\/posts\/17414\/revisions\/17416"}],"wp:featuredmedia":[{"embeddable":true,"href":"https:\/\/principesdeparis.es\/principes\/wp-json\/wp\/v2\/media\/17415"}],"wp:attachment":[{"href":"https:\/\/principesdeparis.es\/principes\/wp-json\/wp\/v2\/media?parent=17414"}],"wp:term":[{"taxonomy":"category","embeddable":true,"href":"https:\/\/principesdeparis.es\/principes\/wp-json\/wp\/v2\/categories?post=17414"},{"taxonomy":"post_tag","embeddable":true,"href":"https:\/\/principesdeparis.es\/principes\/wp-json\/wp\/v2\/tags?post=17414"}],"curies":[{"name":"wp","href":"https:\/\/api.w.org\/{rel}","templated":true}]}}