{"id":17417,"date":"2025-01-11T12:12:16","date_gmt":"2025-01-11T12:12:16","guid":{"rendered":"https:\/\/principesdeparis.es\/principes\/?p=17417"},"modified":"2025-01-11T12:12:16","modified_gmt":"2025-01-11T12:12:16","slug":"victor-pone-su-cargo-a-disposicion-del-club","status":"publish","type":"post","link":"https:\/\/principesdeparis.es\/principes\/victor-pone-su-cargo-a-disposicion-del-club\/","title":{"rendered":"V\u00edctor pone su cargo a disposici\u00f3n del club"},"content":{"rendered":"<p><strong>El entrenador ha comentado que ma\u00f1ana se dirigir\u00e1 al Consejo de Administraci\u00f3n. \u00abYo me aparto, estoy cansado de ser el escudo\u00bb<\/strong><\/p>\n<p>\u00abYo me aparto, estoy cansado de ser el escudo. Lo voy a comentar ma\u00f1ana con el Consejo. Fuerza tengo, y energ\u00eda, y no he sido un entrenador est\u00e1tico, he buscado soluciones. No ha salido el plan que hab\u00edamos trabajado durante la semana entonces ser\u00e1 que el entrenador no es bueno. Me estoy equivocando much\u00edsimo. Agradezco el cari\u00f1o enorme de la gente, pero por encima de todo est\u00e1 el zaragocismo lo que me hace sufrir y no quiero defraudar a nadie. Si no doy alegr\u00eda a la afici\u00f3n ser\u00e1 porque quiz\u00e1s no est\u00e9 capacitado. No estoy caliente, sino desolado por c\u00f3mo hemos regalado el partido\u00bb.<\/p>\n","protected":false},"excerpt":{"rendered":"<p>El entrenador ha comentado que ma\u00f1ana se dirigir\u00e1 al Consejo de Administraci\u00f3n. \u00abYo me aparto, estoy cansado de ser el escudo\u00bb \u00abYo me aparto, estoy cansado de ser el escudo. Lo voy a comentar ma\u00f1ana con el Consejo. Fuerza tengo, y energ\u00eda, y no he sido un entrenador est\u00e1tico, he <a class=\"read-more\" href=\"https:\/\/principesdeparis.es\/principes\/victor-pone-su-cargo-a-disposicion-del-club\/\">Sigue leyendo<\/a><\/p>\n","protected":false},"author":2,"featured_media":17418,"comment_status":"open","ping_status":"open","sticky":false,"template":"","format":"standard","meta":{"footnotes":""},"categories":[13,1],"tags":[],"class_list":["post-17417","post","type-post","status-publish","format-standard","has-post-thumbnail","hentry","category-publicidad","category-real-zaragoza"],"_links":{"self":[{"href":"https:\/\/principesdeparis.es\/principes\/wp-json\/wp\/v2\/posts\/17417","targetHints":{"allow":["GET"]}}],"collection":[{"href":"https:\/\/principesdeparis.es\/principes\/wp-json\/wp\/v2\/posts"}],"about":[{"href":"https:\/\/principesdeparis.es\/principes\/wp-json\/wp\/v2\/types\/post"}],"author":[{"embeddable":true,"href":"https:\/\/principesdeparis.es\/principes\/wp-json\/wp\/v2\/users\/2"}],"replies":[{"embeddable":true,"href":"https:\/\/principesdeparis.es\/principes\/wp-json\/wp\/v2\/comments?post=17417"}],"version-history":[{"count":1,"href":"https:\/\/principesdeparis.es\/principes\/wp-json\/wp\/v2\/posts\/17417\/revisions"}],"predecessor-version":[{"id":17419,"href":"https:\/\/principesdeparis.es\/principes\/wp-json\/wp\/v2\/posts\/17417\/revisions\/17419"}],"wp:featuredmedia":[{"embeddable":true,"href":"https:\/\/principesdeparis.es\/principes\/wp-json\/wp\/v2\/media\/17418"}],"wp:attachment":[{"href":"https:\/\/principesdeparis.es\/principes\/wp-json\/wp\/v2\/media?parent=17417"}],"wp:term":[{"taxonomy":"category","embeddable":true,"href":"https:\/\/principesdeparis.es\/principes\/wp-json\/wp\/v2\/categories?post=17417"},{"taxonomy":"post_tag","embeddable":true,"href":"https:\/\/principesdeparis.es\/principes\/wp-json\/wp\/v2\/tags?post=17417"}],"curies":[{"name":"wp","href":"https:\/\/api.w.org\/{rel}","templated":true}]}}