{"id":17420,"date":"2025-01-11T12:14:05","date_gmt":"2025-01-11T12:14:05","guid":{"rendered":"https:\/\/principesdeparis.es\/principes\/?p=17420"},"modified":"2025-01-11T12:14:05","modified_gmt":"2025-01-11T12:14:05","slug":"lena-del-arbol-caido","status":"publish","type":"post","link":"https:\/\/principesdeparis.es\/principes\/lena-del-arbol-caido\/","title":{"rendered":"Le\u00f1a del \u00e1rbol ca\u00eddo"},"content":{"rendered":"<div class=\"nLG8d5\" data-hook=\"post-description\">\n<article class=\"blog-post-page-font\">\n<div class=\"post-content__body stSKMK\">\n<div class=\"moHCnT\">\n<div class=\"moHCnT\">\n<div class=\"fTEXDR\" data-rce-version=\"10.114.0\">\n<div class=\"runb8\" dir=\"ltr\" data-id=\"content-viewer\">\n<div class=\"pwDbJ\">\n<div class=\"sQUUL\">\n<div data-breakout=\"normal\">\n<p id=\"viewer-0cvlx9938\" class=\"yECnz YLUTf GrU5P _12ZU1\" dir=\"auto\"><span class=\"rkrC1\"><strong>V\u00edctor Fern\u00e1ndez, en su todav\u00eda hipot\u00e9tica, teatral y virtual despedida tras la derrota con el Oviedo, centra la responsabilidad en una plantilla de la que ha sido arquitecto y c\u00f3mplice<\/strong><\/span><\/p>\n<p dir=\"auto\">\n<\/div>\n<div data-breakout=\"normal\">\n<p id=\"viewer-duc041648\" class=\"yECnz YLUTf GrU5P _12ZU1\" dir=\"auto\"><span class=\"rkrC1\">V\u00edctor Fern\u00e1ndez ha insinuado que se va del Real Zaragoza tras la derrota contra el Oviedo (2-3), la quinta de la temporada en La Romareda. Como no pod\u00eda ser de otra forma, lo ha hecho a su manera, present\u00e1ndose como un m\u00e1rtir de la causa zaragocista, anzuelo que ha picado parte de la prensa aragonesa enamorada del t\u00e9cnico por encima de cualquier an\u00e1lisis objetivo para conservarle en los altares con \u00edmprobos esfuerzos en defensa de su honestidad. Ese ejercicio de honradez a medio gas ha consistido en hacer le\u00f1a del \u00e1rbol ca\u00eddo, es decir de un equipo del que ha sido arquitecto principal y del que ha terminando renegando. Su flagelaci\u00f3n p\u00fablica no es cre\u00edble, como tampoco la dimisi\u00f3n virtual, porque su figura dej\u00f3 de serlo hace mucho tiempo, desde el mismo instante que acept\u00f3 una plantilla disonante con sus ambiciones, con un proyecto de ascenso que condicion\u00f3 a su figura, su personalidad y su leyenda de la Recopa. La afici\u00f3n se entreg\u00f3 incondicional a sus mensajes evangelizadores y seis meses despu\u00e9s baja del monte Sina\u00ed sin tabla alguna, con un discurso de muy mal gusto en el que jam\u00e1s reconoce la evidencia, que ha sido c\u00f3mplice de una propiedad embustera y que este fracaso le pertenece como al que m\u00e1s.<\/span><\/p>\n<\/div>\n<div data-hook=\"rcv-block7\"><\/div>\n<div data-breakout=\"normal\">\n<div id=\"viewer-jrccp5790\" class=\"yECnz YLUTf GrU5P _12ZU1\" dir=\"auto\"><span class=\"rkrC1\">\u00a0<\/span><\/div>\n<\/div>\n<div data-hook=\"rcv-block8\"><\/div>\n<div data-breakout=\"normal\">\n<p id=\"viewer-2pfv85791\" class=\"yECnz YLUTf GrU5P _12ZU1\" dir=\"auto\"><span class=\"rkrC1\">Ha cometido multitud de errores que no es cuesti\u00f3n de enumerar por m\u00faltiples y reincidentes, los de un t\u00e9cnico, por ejemplo, sobrepasado por el descubrimiento de que sus principales apuestas han estado por debajo del nivel de la legi\u00f3n de canteranos con los que no contaba ni por lo m\u00e1s remoto y por una incapacidad manifiesta para gestionar problemas y vestuarios en declive deportivo y an\u00edmico. Desactualizado por completo, se ha perfumado con su condici\u00f3n de mito, aroma in\u00fatil en este deporte que vive al d\u00eda y genera sus propias fragancias, por lo general para el ganador. Y el Real Zaragoza de V\u00edctor Fern\u00e1ndez ha sido un perdedor, por lo que su destituci\u00f3n, a\u00fan no confirmada y pendiente de sello oficial a lo largo de este mi\u00e9rcoles, ser\u00eda un acontecimiento l\u00f3gico y normal. Anoche, en base a su discurso en nada casual, se intent\u00f3 dotar a sus palabras de un dramatismo rom\u00e1ntico, haciendo de su marcha una cuesti\u00f3n de estado, catalogada como una cat\u00e1strofe que, por encima de todo, le dignifica. Por un instante dio la impresi\u00f3n de que hab\u00eda enviudado el f\u00fatbol a nivel mundial.<\/span><\/p>\n<\/div>\n<div data-hook=\"rcv-block9\"><\/div>\n<div data-breakout=\"normal\">\n<div id=\"viewer-0ql3b5793\" class=\"yECnz YLUTf GrU5P _12ZU1\" dir=\"auto\"><span class=\"rkrC1\">\u00a0<\/span><\/div>\n<\/div>\n<div data-hook=\"rcv-block10\"><\/div>\n<div data-breakout=\"normal\">\n<p id=\"viewer-0z34b5794\" class=\"yECnz YLUTf GrU5P _12ZU1\" dir=\"auto\"><span class=\"rkrC1\">La aut\u00e9ntica v\u00edctima del en\u00e9simo descalabro en doce temporadas, con el sue\u00f1o del ascenso diluido entre personajes de poca transparencia y actuaciones que confirman que este club no es prioritario en lo deportivo para sus due\u00f1os, es el Real Zaragoza, secundaria sucursal del Atl\u00e9tico de Madrid y sus fondos de inversi\u00f3n amigos. V\u00edctor Fern\u00e1ndez crey\u00f3 que podr\u00eda seducirles, pero al c\u00edrculo que acudi\u00f3 ya no estaban Zalba, ni pap\u00e1 Solans, ni Agapito, ni tan siquiera la Fundaci\u00f3n, dispuestos a considerar sus peticiones y, en muchos casos, a hacerlas realidad. Aun as\u00ed se uni\u00f3 al diablo y ahora echa a la caldera a los futbolistas, incluso a los que no quisieron venir. Cuando las calles se limpien de sangre y l\u00e1grimas, y siempre que su adi\u00f3s se selle con el correspondiente finiquito econ\u00f3mico, vendr\u00e1 otro entrenador para enfrentarse a un panorama desolador, producto de la misma poes\u00eda de marca blanca que se derrocha cada verano. Va a ser duro, muy duro, pero no porque V\u00edctor se vaya a ir, sino porque los que se quedan se desayunan con olor a napalm en esta guerra del fin del mundo que es el club aragon\u00e9s con o sin h\u00e9roes marchitos. Que nadie descarte, por si acaso, que salga de la mano de Jorge Mas para saludar al pueblo desde el balc\u00f3n presidencial, con el <em>No llores por m\u00ed, Argentina <\/em> de fondo<strong><u>,<\/u><\/strong> para anunciar que llegar a Primera a\u00fan es posible. Con \u00e9l, claro.<\/span><\/p>\n<\/div>\n<div data-hook=\"rcv-block11\"><\/div>\n<\/div>\n<div data-hook=\"rcv-block-last\"><\/div>\n<\/div>\n<\/div>\n<\/div>\n<\/div>\n<\/div>\n<\/div>\n<\/article>\n<\/div>\n<div class=\"BL3dva\">\n<div class=\"OSxNQL\">\n<div id=\"post-footer\" class=\"OFA52E jG7PL8\">\n<div class=\"ux83lW\" data-hook=\"post-main-actions-desktop\"><\/div>\n<\/div>\n<\/div>\n<\/div>\n","protected":false},"excerpt":{"rendered":"<p>V\u00edctor Fern\u00e1ndez, en su todav\u00eda hipot\u00e9tica, teatral y virtual despedida tras la derrota con el Oviedo, centra la responsabilidad en una plantilla de la que ha sido arquitecto y c\u00f3mplice V\u00edctor Fern\u00e1ndez ha insinuado que se va del Real Zaragoza tras la derrota contra el Oviedo (2-3), la quinta de <a class=\"read-more\" href=\"https:\/\/principesdeparis.es\/principes\/lena-del-arbol-caido\/\">Sigue leyendo<\/a><\/p>\n","protected":false},"author":2,"featured_media":17421,"comment_status":"open","ping_status":"open","sticky":false,"template":"","format":"standard","meta":{"footnotes":""},"categories":[13,1],"tags":[],"class_list":["post-17420","post","type-post","status-publish","format-standard","has-post-thumbnail","hentry","category-publicidad","category-real-zaragoza"],"_links":{"self":[{"href":"https:\/\/principesdeparis.es\/principes\/wp-json\/wp\/v2\/posts\/17420","targetHints":{"allow":["GET"]}}],"collection":[{"href":"https:\/\/principesdeparis.es\/principes\/wp-json\/wp\/v2\/posts"}],"about":[{"href":"https:\/\/principesdeparis.es\/principes\/wp-json\/wp\/v2\/types\/post"}],"author":[{"embeddable":true,"href":"https:\/\/principesdeparis.es\/principes\/wp-json\/wp\/v2\/users\/2"}],"replies":[{"embeddable":true,"href":"https:\/\/principesdeparis.es\/principes\/wp-json\/wp\/v2\/comments?post=17420"}],"version-history":[{"count":1,"href":"https:\/\/principesdeparis.es\/principes\/wp-json\/wp\/v2\/posts\/17420\/revisions"}],"predecessor-version":[{"id":17422,"href":"https:\/\/principesdeparis.es\/principes\/wp-json\/wp\/v2\/posts\/17420\/revisions\/17422"}],"wp:featuredmedia":[{"embeddable":true,"href":"https:\/\/principesdeparis.es\/principes\/wp-json\/wp\/v2\/media\/17421"}],"wp:attachment":[{"href":"https:\/\/principesdeparis.es\/principes\/wp-json\/wp\/v2\/media?parent=17420"}],"wp:term":[{"taxonomy":"category","embeddable":true,"href":"https:\/\/principesdeparis.es\/principes\/wp-json\/wp\/v2\/categories?post=17420"},{"taxonomy":"post_tag","embeddable":true,"href":"https:\/\/principesdeparis.es\/principes\/wp-json\/wp\/v2\/tags?post=17420"}],"curies":[{"name":"wp","href":"https:\/\/api.w.org\/{rel}","templated":true}]}}