{"id":17429,"date":"2025-01-11T12:22:02","date_gmt":"2025-01-11T12:22:02","guid":{"rendered":"https:\/\/principesdeparis.es\/principes\/?p=17429"},"modified":"2025-01-11T12:24:34","modified_gmt":"2025-01-11T12:24:34","slug":"victor-fernandez-vuelve-a-ser-historia","status":"publish","type":"post","link":"https:\/\/principesdeparis.es\/principes\/victor-fernandez-vuelve-a-ser-historia\/","title":{"rendered":"V\u00edctor Fern\u00e1ndez vuelve a ser historia"},"content":{"rendered":"<p><strong>El club, despose\u00eddo tambi\u00e9n de confianza, acepta su dimisi\u00f3n y despide sin honores al entrenador en el fin de su cuarta etapa y posiblemente de su carrera<\/strong><\/p>\n<p>Creer en alguien ahora mismo en el Real Zaragoza es una acto de fe entre las brasas de la incredulidad. V\u00edctor Fern\u00e1ndez ha ratificado su dimisi\u00f3n, seguramente disfrazada como tal por cuestiones econ\u00f3micas, despu\u00e9s de que anoche escenificara una pataleta impropia de un profesional por mucho que se quiera presentar como un ejercicio de honesto zaragocismo. El entrenador salt\u00f3 del barco mientras se hund\u00eda por su responsabilidad y la de quienes le entregaron su confianza, se\u00f1alando a los futbolistas, con el vestuario demolido. Muy elegante no estuvo, la verdad, y no es la primera vez que despliega su compa\u00f1\u00eda teatral en este equipo con un solo actor, del que ha salido en cuatro ocasiones y casi siempre de forma traum\u00e1tica o pol\u00e9mica. Jorge Mas, que al igual que la propiedad ofrece la m\u00ednima confianza, le despidi\u00f3 sin honor alguno y con puya en mano: \u00abEl escudo del club no le pertenece a nadie. Ni a Jorge Mas, ni a V\u00edctor Fern\u00e1ndez, ni a quien venga. Aqu\u00ed lo importante es, y como voy a repetir, ganar partidos, competir para llegar a Primera y construir un club que sea de agrado a Zaragoza y a su afici\u00f3n. Ese es el objetivo. Ninguno de nosotros, ni en las buenas ni en las malas, no podemos convertir o pintar con el escudo del club como si somos v\u00edctimas\u00bb.<\/p>\n<p>El presidente, que estuvo en el palco frente al Oviedo y en la Junta General de Accionistas, entiende que se trata de \u00abuna decisi\u00f3n personal que aceptamos porque, como dijo, no se sent\u00eda capaz de sacar al equipo de esta racha\u00bb. Poco antes de las 11.00 V\u00edctor se person\u00f3 en la Ciudad Deportiva para despedirse de la plantilla y de otros trabajadores, con el equipo en manos de David Navarro, que dirigi\u00f3 el entrenamiento a puerta cerrada mientras la directiva ya ha activado la maquinaria en busca de un relevo para el t\u00e9cnico aragon\u00e9s y una primera negativa, la de Pacheta. \u00abCuando hay una candela ardiendo, mucha gente huye, pero yo la abrazo, porque es la \u00fanica forma de apagarla\u00bb, puntualiz\u00f3 Mas de nuevo sobre la salida de V\u00edctor, \u00aben el que ten\u00edamos depositada nuestra confianza\u00bb pese a la crisis sangrante que sufre el Real Zaragoza. El dirigente dio portazo al asunto hablando de que intentar\u00e1n encontrar otro entrenador \u00abque tenga los valores del club y que se un l\u00edder porque aqu\u00ed hay presi\u00f3n\u00bb. Tambi\u00e9n firm\u00f3 que har\u00e1n todo lo posible para reforzar la plantilla en el mercado de invierno \u00abporque seguimos pensando en el ascenso\u00bb y que Juan Carlos Cordero, el director deportivo, seguir\u00e1 al frente de su cargo con todo el cr\u00e9dito que merece al club. Ese futuro guarda un perfecto paralelismo con un pasado y un presente trufados de fracasos y de promesas incumplidas. La incredulidad que transmite el grupo inversor es del tama\u00f1o de su potencia financiera, que utiliza con una meticulosa estrategia de gasto.<\/p>\n<p>V\u00edctor Fern\u00e1ndez vuelve a ser historia, con la pact\u00f3 un doble par\u00e9ntesis en Segunda para presentarse como exclusivo palad\u00edn de la vuelta a Primera. Regresa a su impresionante monta\u00f1a de partidos dirigidos, a sus t\u00edtulos, a su c\u00edrculo cada vez m\u00e1s estrecho de devotos admiradores, seguramente como cierre a su carrera en los banquillos. Le ha traicionado algo tan prosaico como los resultados y la tremenda indigesti\u00f3n que la ha producido. No hay m\u00e1s que decir. \u00abEl Real Zaragoza siempre ser\u00e1 tu casa. Te deseamos lo mejor. Gracias por todo, V\u00edctor\u00bb, finaliza la nota con la que el club ha certificado la ruptura de relaciones de forma unilateral. Ahora se abre otra etapa, tambi\u00e9n ajena al ascenso y a los n\u00fameros de funambulismo histri\u00f3nico, un periodo de transici\u00f3n por muy gallo que se ponga Mas y que tiene como objetivo prioritario no meterse en problemas en lo que resta de campeonato. \u00bfTendr\u00e1 fin esta pesadilla? Imposible mientras la instituci\u00f3n acoja a rapsodas de s\u00ed mismos y a raptores de la verdad, con el zaragocismo estafado.<\/p>\n","protected":false},"excerpt":{"rendered":"<p>El club, despose\u00eddo tambi\u00e9n de confianza, acepta su dimisi\u00f3n y despide sin honores al entrenador en el fin de su cuarta etapa y posiblemente de su carrera Creer en alguien ahora mismo en el Real Zaragoza es una acto de fe entre las brasas de la incredulidad. V\u00edctor Fern\u00e1ndez ha <a class=\"read-more\" href=\"https:\/\/principesdeparis.es\/principes\/victor-fernandez-vuelve-a-ser-historia\/\">Sigue leyendo<\/a><\/p>\n","protected":false},"author":2,"featured_media":17430,"comment_status":"open","ping_status":"open","sticky":false,"template":"","format":"standard","meta":{"footnotes":""},"categories":[13,1],"tags":[],"class_list":["post-17429","post","type-post","status-publish","format-standard","has-post-thumbnail","hentry","category-publicidad","category-real-zaragoza"],"_links":{"self":[{"href":"https:\/\/principesdeparis.es\/principes\/wp-json\/wp\/v2\/posts\/17429","targetHints":{"allow":["GET"]}}],"collection":[{"href":"https:\/\/principesdeparis.es\/principes\/wp-json\/wp\/v2\/posts"}],"about":[{"href":"https:\/\/principesdeparis.es\/principes\/wp-json\/wp\/v2\/types\/post"}],"author":[{"embeddable":true,"href":"https:\/\/principesdeparis.es\/principes\/wp-json\/wp\/v2\/users\/2"}],"replies":[{"embeddable":true,"href":"https:\/\/principesdeparis.es\/principes\/wp-json\/wp\/v2\/comments?post=17429"}],"version-history":[{"count":1,"href":"https:\/\/principesdeparis.es\/principes\/wp-json\/wp\/v2\/posts\/17429\/revisions"}],"predecessor-version":[{"id":17431,"href":"https:\/\/principesdeparis.es\/principes\/wp-json\/wp\/v2\/posts\/17429\/revisions\/17431"}],"wp:featuredmedia":[{"embeddable":true,"href":"https:\/\/principesdeparis.es\/principes\/wp-json\/wp\/v2\/media\/17430"}],"wp:attachment":[{"href":"https:\/\/principesdeparis.es\/principes\/wp-json\/wp\/v2\/media?parent=17429"}],"wp:term":[{"taxonomy":"category","embeddable":true,"href":"https:\/\/principesdeparis.es\/principes\/wp-json\/wp\/v2\/categories?post=17429"},{"taxonomy":"post_tag","embeddable":true,"href":"https:\/\/principesdeparis.es\/principes\/wp-json\/wp\/v2\/tags?post=17429"}],"curies":[{"name":"wp","href":"https:\/\/api.w.org\/{rel}","templated":true}]}}