{"id":17432,"date":"2025-01-11T12:24:01","date_gmt":"2025-01-11T12:24:01","guid":{"rendered":"https:\/\/principesdeparis.es\/principes\/?p=17432"},"modified":"2025-01-11T12:24:22","modified_gmt":"2025-01-11T12:24:22","slug":"victor-y-el-mito-de-sisifo","status":"publish","type":"post","link":"https:\/\/principesdeparis.es\/principes\/victor-y-el-mito-de-sisifo\/","title":{"rendered":"V\u00edctor y el mito de S\u00edsifo"},"content":{"rendered":"<p>Ya he comentado en varias ocasiones mi devoci\u00f3n por la cultura grecorromana y la enorme similitud de los \u00e9xitos y errores cometidos por ambas civilizaciones con la nuestra. Cayeron por la corrupci\u00f3n y permitir que sus enemigos fueran el ej\u00e9rcito que les protegiese de las hordas b\u00e1rbaras tras sus fronteras imperiales. Me viene a la memoria el mito de S\u00edsifo, un ser humano poderoso e inteligente que fue rey de la ciudad peloponesa de Corinto y que se enfrent\u00f3 a Zeus apareciendo como una divinidad menor que lleg\u00f3 a burlar a la muerte hasta en dos ocasiones. Pero el dios del cielo y del trueno quiso demostrar al mundo que nadie estaba a su altura y le impuso el castigo de subir una enorme roca en una colina del Hades hasta la cima, donde jam\u00e1s llegaba porque su peso le hac\u00eda retroceder y la atroz piedra rodaba otra vez a la llanura. Y as\u00ed eternamente.<\/p>\n<p>V\u00edctor Fern\u00e1ndez la segunda vez que fue cesado en el Real Zaragoza en tiempos de Agapito advirti\u00f3 que \u00abno volver\u00e9 como entrenador porque supone un desgaste tremendo, s\u00f3lo lo har\u00eda como director general o presidente\u00bb. Palabras pronunciadas en enero de 2008. Pero diez a\u00f1os m\u00e1s tarde volvi\u00f3 tras el fracaso de Imanol Idi\u00e1kez y Lucas Alcaraz para salvar al club del abismo. Su personalidad, su halo hist\u00f3rico y la ilusi\u00f3n hizo que terminase a seis puntos del descenso. Ret\u00f3 a Zeus y sigui\u00f3 al frente de un equipo con fichajes como Kagawa, Puado, Luis Su\u00e1rez, Guti o El Yamiq para colocarse cinco puntos por encima del tercero hasta la pandemia, seguramente provocada por el Rey del Olimpo, que le impidi\u00f3 disputar la final de los playoff tras derrumbarse en el regreso liguero y dejar otra vez La Romareda.<\/p>\n<p>Haciendo caso omiso a su profec\u00eda ante Agapito busc\u00f3 a trav\u00e9s del cargo de entrenador ser el responsable deportivo tras la temporada 23\/24 donde volvi\u00f3 a salvar al club con su halo de semidi\u00f3s, compartido por gran parte de la afici\u00f3n blanquilla, despu\u00e9s del arranque espectacular de Escrib\u00e1 y su ca\u00edda al precipicio agigantada por la llegada de Vel\u00e1zquez. En Santander cerr\u00f3 la grieta del descenso dos jornadas antes del final de Liga. Sin Ra\u00fal Sanlleh\u00ed, con la nueva Romareda en marcha y Juan Carlos Cordero en un segundo plano volvi\u00f3 a retar a Zeus en agosto pero esta vez Jorge Mas, asistido por sus consejeros, dijo que encontrar\u00eda a quien pudiese superar la crisis despu\u00e9s del desmoronamiento y de nuevo la roca, casi en la cima, volvi\u00f3 a rodar con \u00e9l hasta el suelo. Afortunadamente sin que est\u00e9 condenado a la eternidad ni \u00e9l, ni la afici\u00f3n, ni el Real Zaragoza.<\/p>\n","protected":false},"excerpt":{"rendered":"<p>Ya he comentado en varias ocasiones mi devoci\u00f3n por la cultura grecorromana y la enorme similitud de los \u00e9xitos y errores cometidos por ambas civilizaciones con la nuestra. Cayeron por la corrupci\u00f3n y permitir que sus enemigos fueran el ej\u00e9rcito que les protegiese de las hordas b\u00e1rbaras tras sus fronteras <a class=\"read-more\" href=\"https:\/\/principesdeparis.es\/principes\/victor-y-el-mito-de-sisifo\/\">Sigue leyendo<\/a><\/p>\n","protected":false},"author":3,"featured_media":17433,"comment_status":"open","ping_status":"open","sticky":false,"template":"","format":"standard","meta":{"footnotes":""},"categories":[16,13],"tags":[],"class_list":["post-17432","post","type-post","status-publish","format-standard","has-post-thumbnail","hentry","category-el10","category-publicidad"],"_links":{"self":[{"href":"https:\/\/principesdeparis.es\/principes\/wp-json\/wp\/v2\/posts\/17432","targetHints":{"allow":["GET"]}}],"collection":[{"href":"https:\/\/principesdeparis.es\/principes\/wp-json\/wp\/v2\/posts"}],"about":[{"href":"https:\/\/principesdeparis.es\/principes\/wp-json\/wp\/v2\/types\/post"}],"author":[{"embeddable":true,"href":"https:\/\/principesdeparis.es\/principes\/wp-json\/wp\/v2\/users\/3"}],"replies":[{"embeddable":true,"href":"https:\/\/principesdeparis.es\/principes\/wp-json\/wp\/v2\/comments?post=17432"}],"version-history":[{"count":1,"href":"https:\/\/principesdeparis.es\/principes\/wp-json\/wp\/v2\/posts\/17432\/revisions"}],"predecessor-version":[{"id":17434,"href":"https:\/\/principesdeparis.es\/principes\/wp-json\/wp\/v2\/posts\/17432\/revisions\/17434"}],"wp:featuredmedia":[{"embeddable":true,"href":"https:\/\/principesdeparis.es\/principes\/wp-json\/wp\/v2\/media\/17433"}],"wp:attachment":[{"href":"https:\/\/principesdeparis.es\/principes\/wp-json\/wp\/v2\/media?parent=17432"}],"wp:term":[{"taxonomy":"category","embeddable":true,"href":"https:\/\/principesdeparis.es\/principes\/wp-json\/wp\/v2\/categories?post=17432"},{"taxonomy":"post_tag","embeddable":true,"href":"https:\/\/principesdeparis.es\/principes\/wp-json\/wp\/v2\/tags?post=17432"}],"curies":[{"name":"wp","href":"https:\/\/api.w.org\/{rel}","templated":true}]}}