{"id":17438,"date":"2025-01-11T12:28:49","date_gmt":"2025-01-11T12:28:49","guid":{"rendered":"https:\/\/principesdeparis.es\/principes\/?p=17438"},"modified":"2025-01-11T12:28:49","modified_gmt":"2025-01-11T12:28:49","slug":"la-bomba-navarro","status":"publish","type":"post","link":"https:\/\/principesdeparis.es\/principes\/la-bomba-navarro\/","title":{"rendered":"La &#8216;bomba&#8217; Navarro"},"content":{"rendered":"<div data-breakout=\"normal\"><\/div>\n<div data-breakout=\"normal\">\n<p><strong>El club concede por primera vez en la historia el puesto de entrenador interino a un t\u00e9cnico sin v\u00ednculo alguno anterior con la instituci\u00f3n y olvida a su gente<\/strong><\/p>\n<p>La dimisi\u00f3n de V\u00edctor Fern\u00e1ndez ha dejado un vac\u00edo en el banquillo del Real Zaragoza que ser\u00e1 cubierto este s\u00e1bado contra el Racing de Ferrol por David Navarro, su segundo hasta que se produjo la marcha del entrenador del barrio Oliver, un cargo al que accedi\u00f3 sin que hubiera una petici\u00f3n expresa del t\u00e9cnico saliente. El puesto, en un principio, es interino y desde el club se argumenta que esta decesi\u00f3n viene condicionada por lo imprevisto de los acontecimientos, la proximidad de un encuentro y el par\u00e9ntesis que se abre con el par\u00f3n navide\u00f1o para contactar sin urgencias con el que ser\u00e1 el relevo de V\u00edctor de cara a la segunda vuelta. Se supone, por que ahora mismo no hay nadie m\u00e1s en las oficinas, que la orden proviene del director deportivo, Juan Carlos Cordero. Al margen de los m\u00e9ritos que ha acumulado Navarro en su prol\u00edfica carrera en el f\u00fatbol regional aragon\u00e9s y de su cualificaci\u00f3n, este movimiento, por muy protocolario que pueda resultar a nivel deportivo, viene a confirmar la falta de sensibilidad y profesionalidad de una propiedad que ni siquiera sabe manejar un contexto muy sencillo de gestionar si se aplican los valores adecuados. S\u00f3lo una apuesta firme por su continuidad, que no el caso, justificar\u00eda esa resoluci\u00f3n.<\/p>\n<p>En primer lugar, el choque ante los gallegos no es un encuentro cualquiera. Es muy probable que La Romareda pida cuentas a los futbolistas despu\u00e9s del episodio vivido entre la noche del martes y la ma\u00f1ana del mi\u00e9rcoles, un escenario de m\u00e1xima tensi\u00f3n. Los tres puntos en disputa son tambi\u00e9n motivo m\u00e1s que suficiente para tomarse el asunto muy en serio. No ser\u00e1 lo mismo irse de vacaciones y acudir al mercado invernal con un triunfo que conserve remotas esperanzas que con una nueva decepci\u00f3n que recolocar\u00eda el proyecto de la bandeja del ascenso a la de la salvaci\u00f3n. Matizadas cuestiones de vital importancia para un equipo descuartizado, no es de recibo que por primera vez en la historia en el banquillo del Real Zaragoza se siente un entrenador que carece de v\u00ednculo alguno con la entidad salvo su relaci\u00f3n contractual. Andr\u00e9s Ler\u00edn, leyenda de los Alifantes, y Manolo Nieves, portero con 14 a\u00f1os de permanencia en el club y responsable del filial a principios de lo 90, son los \u00fanicos precedentes en lo que se refiere ser entrenadores por un d\u00eda.<\/p>\n<p>A lo de Navarro se le ha dado una carta de normalidad inaceptable, producto del continuo desapego del fondo de inversi\u00f3n hacia las conductas del saber estar, de recompensar, y no por capricho, la fidelidad y la val\u00eda de personas que viven el Real Zaragoza como algo propio, que han dejado huella y lo siguen haciendo en diferentes parcelas del club. Este tipo de gestos y no s\u00f3lo los fuegos artificiales de los momentos festivos son los que distinguen y agigantan el sentimiento de pertenencia a una entidad y un deporte que juegan gran parte de su tiempo en el campo de lo emocional. Lo natural, lo profesional, lo justo hubiese sido que esta jornada Javi Su\u00e1rez o Emilio Larraz, vigentes y responsables trabajadores del club, hubiesen ocupado la vacante de V\u00edctor Fern\u00e1ndez. Pero en esta nave del misterio que desprecia las jerarqu\u00edas los pilotos carecen de coraz\u00f3n y de categor\u00eda.<\/p>\n<\/div>\n<div data-hook=\"rcv-block6\"><\/div>\n<div data-breakout=\"normal\">\n<div id=\"viewer-pvo4939\" class=\"yECnz YLUTf GrU5P _12ZU1\" dir=\"auto\"><span class=\"rkrC1\">\u00a0<\/span><\/div>\n<\/div>\n<div data-hook=\"rcv-block7\"><\/div>\n<div data-breakout=\"normal\"><\/div>\n<div data-breakout=\"normal\">\n<p id=\"viewer-1ey231255\" class=\"yECnz YLUTf GrU5P _12ZU1\" dir=\"auto\">\n<\/div>\n","protected":false},"excerpt":{"rendered":"<p>El club concede por primera vez en la historia el puesto de entrenador interino a un t\u00e9cnico sin v\u00ednculo alguno anterior con la instituci\u00f3n y olvida a su gente La dimisi\u00f3n de V\u00edctor Fern\u00e1ndez ha dejado un vac\u00edo en el banquillo del Real Zaragoza que ser\u00e1 cubierto este s\u00e1bado contra <a class=\"read-more\" href=\"https:\/\/principesdeparis.es\/principes\/la-bomba-navarro\/\">Sigue leyendo<\/a><\/p>\n","protected":false},"author":2,"featured_media":17439,"comment_status":"open","ping_status":"open","sticky":false,"template":"","format":"standard","meta":{"footnotes":""},"categories":[13,1],"tags":[],"class_list":["post-17438","post","type-post","status-publish","format-standard","has-post-thumbnail","hentry","category-publicidad","category-real-zaragoza"],"_links":{"self":[{"href":"https:\/\/principesdeparis.es\/principes\/wp-json\/wp\/v2\/posts\/17438","targetHints":{"allow":["GET"]}}],"collection":[{"href":"https:\/\/principesdeparis.es\/principes\/wp-json\/wp\/v2\/posts"}],"about":[{"href":"https:\/\/principesdeparis.es\/principes\/wp-json\/wp\/v2\/types\/post"}],"author":[{"embeddable":true,"href":"https:\/\/principesdeparis.es\/principes\/wp-json\/wp\/v2\/users\/2"}],"replies":[{"embeddable":true,"href":"https:\/\/principesdeparis.es\/principes\/wp-json\/wp\/v2\/comments?post=17438"}],"version-history":[{"count":1,"href":"https:\/\/principesdeparis.es\/principes\/wp-json\/wp\/v2\/posts\/17438\/revisions"}],"predecessor-version":[{"id":17440,"href":"https:\/\/principesdeparis.es\/principes\/wp-json\/wp\/v2\/posts\/17438\/revisions\/17440"}],"wp:featuredmedia":[{"embeddable":true,"href":"https:\/\/principesdeparis.es\/principes\/wp-json\/wp\/v2\/media\/17439"}],"wp:attachment":[{"href":"https:\/\/principesdeparis.es\/principes\/wp-json\/wp\/v2\/media?parent=17438"}],"wp:term":[{"taxonomy":"category","embeddable":true,"href":"https:\/\/principesdeparis.es\/principes\/wp-json\/wp\/v2\/categories?post=17438"},{"taxonomy":"post_tag","embeddable":true,"href":"https:\/\/principesdeparis.es\/principes\/wp-json\/wp\/v2\/tags?post=17438"}],"curies":[{"name":"wp","href":"https:\/\/api.w.org\/{rel}","templated":true}]}}