{"id":17888,"date":"2025-02-03T20:27:55","date_gmt":"2025-02-03T20:27:55","guid":{"rendered":"https:\/\/principesdeparis.es\/principes\/?p=17888"},"modified":"2025-02-03T23:45:31","modified_gmt":"2025-02-03T23:45:31","slug":"el-real-zaragoza-ficha-una-piedra-preciosa-sin-brillo","status":"publish","type":"post","link":"https:\/\/principesdeparis.es\/principes\/el-real-zaragoza-ficha-una-piedra-preciosa-sin-brillo\/","title":{"rendered":"El Real Zaragoza ficha una \u2018piedra preciosa\u2019 sin brillo"},"content":{"rendered":"<p style=\"text-align: center;\"><strong>Dani G\u00f3mez, un delantero de intensidad ofensiva y discreta relaci\u00f3n con el gol y la titularidad, llega del Levante a sus 26 a\u00f1os con la aureola de eterna promesa<\/strong><\/p>\n<p>El Real Zaragoza ha fichado Dani G\u00f3mez (Alcorc\u00f3n, 30\/07\/1998),\u00a0 tras llegar a un acuerdo con el Levante y deshacerse el pr\u00e9stamo que ten\u00edan acordado el club granota el Valencia, donde el madrile\u00f1o s\u00f3lo tuvo sitio en cinco partidos con Rub\u00e9n Baraja y ninguno con Carlos Corber\u00e1n. El atacante, que firma hasta 2028, se convierte en la segunda adquisici\u00f3n del mercado de enero tras la del mediocentro hondure\u00f1o Kervin Arriaga y viene a robustecer en n\u00famero una delantera que est\u00e1 sufriendo un castigo severo de las lesiones, en ocasiones mal gestionadas por el cuerpo m\u00e9dico. Cayeron Bazdar, ya de vuelta, y Sober\u00f3n, con reca\u00edda incluida, nula informaci\u00f3n de ese calvario del punta y sin fecha de regreso, y la semana pasada la v\u00edctima fue Iv\u00e1n Az\u00f3n. El conjunto aragon\u00e9s contrata a un futbolista de alta intensidad ofensiva y una discreta relaci\u00f3n con el gol, que se presenta a sus 26 a\u00f1os con experiencia en Primera pero, a\u00fan, con la aureola de eterna promesa.<\/p>\n<p>Dani G\u00f3mez era una de las joyas de la F\u00e1brica del Real Madrid, de sus categor\u00edas inferiores, sobre todo del juvenil A de Guti, con quien brill\u00f3 en la Youth League hasta tal punto que Zinedine Zidane le hizo debutar en julio de 2017 en un amistoso contra el Manchester United en la gira americana. Pero lleg\u00f3 al Castilla de Solari, donde coincidi\u00f3 con los exzaragocistas Tejero y Grau, y el t\u00e9cnico argentino prefiri\u00f3 que el liderazgo ofensivo fuera para Cristo. Con 20 a\u00f1os prob\u00f3 con una cesi\u00f3n en el Tenerife, donde fue presentado por el director deportivo del club isle\u00f1o, V\u00edctor Moreno, como \u00abun animal del \u00e1rea que puede jugar con y sin bal\u00f3n\u00bb. Ni con L\u00f3pez Garai ni con Ses\u00e9 respondi\u00f3 esa fama, pero s\u00ed con el tercer entrenador esa temporada, Rub\u00e9n Baraja, con quien fue titular indiscutible y marc\u00f3 siete de los nueve tantos en Liga con los que cerr\u00f3 ese campeonato, adem\u00e1s de dos en Copa y ofrecer tres asistencias. Su explosi\u00f3n en el Tenerife le vali\u00f3 para crecer en la selecci\u00f3n sub 21 de Luis de la Fuente &#8211;antes ya hab\u00eda participado en la sub 19&#8211; .<\/p>\n<p>El Levante qued\u00f3 deslumbrado y pag\u00f3 dos millones de euros por tenerlo en propiedad.\u00a0 Morales y sobre todo Roger le cerraron el paso a este <em>9<\/em> particular que con el tiempo ha ido aclimat\u00e1ndose a posiciones de mayor participaci\u00f3n que la de ariete finalizador, puesto en el que luci\u00f3 en sus primeros pasos con las camisetas del Estudiantes, Alcorc\u00f3n y cantera del Real Madrid. Cuentan las cr\u00f3nicas que en 2012 form\u00f3 en un partido con Mbapp\u00e9, quien, invitado por Zidane, realiz\u00f3 varios entrenamientos con el Cadete B y particip\u00f3 en un partidillo amistoso ante el Cadete A con el galo de extremo y G\u00f3mez de referencia. \u00abSoy muy adaptable a los sistemas. Puedo jugar de <em>9<\/em> para fijar m\u00e1s y dejar que reciban los compa\u00f1eros por dentro, pero ahora act\u00fao m\u00e1s para recibir. He jugado toda la vida de 9 y siempre he sido el que trataba de tirar desmarques de ruptura y dejar que reciban los medias puntas, pero el m\u00edster cree que puedo ayudar al equipo de espaldas. Si el m\u00edster lo cree, yo tambi\u00e9n lo creo. Me estoy adaptando a lo que me pide. A lo mejor no tengo tanta la responsabilidad del gol, pero sigo teniendo responsabilidad en generar ocasiones y provocar peligro\u00bb. As\u00ed se defin\u00eda en una entrevista as\u00ed mismo el futbolista.<\/p>\n<p>El \u00faltimo cuarto de campo es su para\u00edso por su movilidad entre l\u00edneas, tambi\u00e9n partiendo de los costados, y uno contra uno que replica con descaro, lo que le hace ser dif\u00edcil de neutralizar. El club de Orriols, sin embargo, le cedi\u00f3 al Espanyol tras el descenso, algo que sent\u00f3 mal entre la afici\u00f3n del Levante y que colmaba las aspiraciones del jugador de seguir en la \u00e9lite. Ni Paco L\u00f3pez, ni Javi Pereira, ni Alessio Lisci hab\u00edan depositado su confianza al cien por cien en el alcorque\u00f1o, que emprendi\u00f3 viaje a Barcelona para culminar una temporada sin titularidades (disput\u00f3 82 minutos en total) y otro descenso. Por delante ten\u00eda a Joselu y a Braithwaite. Misi\u00f3n imposible. Diego Mart\u00ednez y Luis Garc\u00eda lo dejaron en el congelador. De vuelta a Valencia, al Levante, el a\u00f1o pasado recuper\u00f3 protagonismo en Segunda y algo de olfato (cinco goles) que no fueron suficientes para que los granotas alcanzaran siquiera el playoff. Su breve y de nuevo gris estancia en el Valencia ha derivado en la ruptura de compromiso con el Levante, con el que tiene contrato hasta 2026, para buscar en el Real Zaragoza ese brillo constante que siempre le ha faltado, salvo el par\u00e9ntesis de Tenerife, desde que abandon\u00f3 Valdebebas.<\/p>\n","protected":false},"excerpt":{"rendered":"<p>Dani G\u00f3mez, un delantero de intensidad ofensiva y discreta relaci\u00f3n con el gol y la titularidad, llega del Levante a sus 26 a\u00f1os con la aureola de eterna promesa El Real Zaragoza ha fichado Dani G\u00f3mez (Alcorc\u00f3n, 30\/07\/1998),\u00a0 tras llegar a un acuerdo con el Levante y deshacerse el pr\u00e9stamo <a class=\"read-more\" href=\"https:\/\/principesdeparis.es\/principes\/el-real-zaragoza-ficha-una-piedra-preciosa-sin-brillo\/\">Sigue leyendo<\/a><\/p>\n","protected":false},"author":2,"featured_media":17889,"comment_status":"open","ping_status":"open","sticky":false,"template":"","format":"standard","meta":{"footnotes":""},"categories":[13,1],"tags":[],"class_list":["post-17888","post","type-post","status-publish","format-standard","has-post-thumbnail","hentry","category-publicidad","category-real-zaragoza"],"_links":{"self":[{"href":"https:\/\/principesdeparis.es\/principes\/wp-json\/wp\/v2\/posts\/17888","targetHints":{"allow":["GET"]}}],"collection":[{"href":"https:\/\/principesdeparis.es\/principes\/wp-json\/wp\/v2\/posts"}],"about":[{"href":"https:\/\/principesdeparis.es\/principes\/wp-json\/wp\/v2\/types\/post"}],"author":[{"embeddable":true,"href":"https:\/\/principesdeparis.es\/principes\/wp-json\/wp\/v2\/users\/2"}],"replies":[{"embeddable":true,"href":"https:\/\/principesdeparis.es\/principes\/wp-json\/wp\/v2\/comments?post=17888"}],"version-history":[{"count":3,"href":"https:\/\/principesdeparis.es\/principes\/wp-json\/wp\/v2\/posts\/17888\/revisions"}],"predecessor-version":[{"id":17909,"href":"https:\/\/principesdeparis.es\/principes\/wp-json\/wp\/v2\/posts\/17888\/revisions\/17909"}],"wp:featuredmedia":[{"embeddable":true,"href":"https:\/\/principesdeparis.es\/principes\/wp-json\/wp\/v2\/media\/17889"}],"wp:attachment":[{"href":"https:\/\/principesdeparis.es\/principes\/wp-json\/wp\/v2\/media?parent=17888"}],"wp:term":[{"taxonomy":"category","embeddable":true,"href":"https:\/\/principesdeparis.es\/principes\/wp-json\/wp\/v2\/categories?post=17888"},{"taxonomy":"post_tag","embeddable":true,"href":"https:\/\/principesdeparis.es\/principes\/wp-json\/wp\/v2\/tags?post=17888"}],"curies":[{"name":"wp","href":"https:\/\/api.w.org\/{rel}","templated":true}]}}