{"id":17894,"date":"2025-02-03T21:36:50","date_gmt":"2025-02-03T21:36:50","guid":{"rendered":"https:\/\/principesdeparis.es\/principes\/?p=17894"},"modified":"2025-02-04T10:33:22","modified_gmt":"2025-02-04T10:33:22","slug":"el-real-zaragoza-vende-a-su-goleador-al-como","status":"publish","type":"post","link":"https:\/\/principesdeparis.es\/principes\/el-real-zaragoza-vende-a-su-goleador-al-como\/","title":{"rendered":"El Real Zaragoza vende a su goleador al Como"},"content":{"rendered":"<p style=\"text-align: center;\"><em><strong>El club, que ofreci\u00f3 una renovaci\u00f3n a la baja a un delantero en crecimiento, acepta dos millones del equipo de Cesc F\u00e1bregas<\/strong><\/em><\/p>\n<p>Iv\u00e1n Az\u00f3n va a formar parte de la Liga italiana, de la Serie A, esta misma temporada. Pese a sufrir una lesi\u00f3n en el s\u00f3leo que le mantendr\u00e1 un mes de baja, el equipo de Cesc F\u00e1bregas ha explotado el bajo inter\u00e9s del club aragon\u00e9s por ofrecer a su goleador una renovaci\u00f3n acorde con su valor de mercado. 400.000 euros fue la cantidad que se le puso sobre la mesa en su \u00faltima temporada de contrato, y el conjunto lombardo, puntualmente informado desde hace tiempo, se lanz\u00f3 hacia esta oportunidad de mercado hasta elevar su apuesta a dos millones de euros m\u00e1s alguna variable por el traspaso. El punta firmar\u00e1 hasta 2029 por jugar en una de las mejores Ligas del planeta tras militar cinco campa\u00f1as en el Real Zaragoza desde su debut con tan s\u00f3lo 18 a\u00f1os.<\/p>\n<p>La marcha de Az\u00f3n, siempre en la puerta de salida y m\u00e1s a\u00fan desde la apertura de la ventana invernal, estaba cantada. Era cuesti\u00f3n de tiempo y se ha producido esta noche. El aragon\u00e9s, el tercero que milita en ese torneo tras V\u00edctor Mu\u00f1oz (Sampdoria) y Alberto Zapater (Genoa) se va a un campeonato trufado de otros ilustres jugadores espa\u00f1oles como David de Gea (Fiorentina), Mario Hermoso (AS Roma), Juan Miranda (Bolonia), Rafa Mar\u00edn (N\u00e1poles), Angeli\u00f1o (AS Roma) o \u00c1lvaro Morata (AC Milan) y coincidr\u00e1 en el Como con Sergi Roberto y Alberto Moreno. V\u00edctor Fern\u00e1ndez fue quien comunic\u00f3 al principio de temporada que no contaba con el atacante, y lo plasm\u00f3 en las alineaciones hasta la lesi\u00f3n de Sober\u00f3n. Su irrupci\u00f3n en el once, forzada por las circunstancias y no por el deseo del t\u00e9cnico, se tradujo en siete tantos, su mejor cifra junto a la que logr\u00f3 en el ejercicio 2021-2022, y todo hac\u00eda indicar que la superar\u00eda con casi toda la segunda vuelta por delante. Su ratio es de una docena de tantos por temporada, guarismo que nunca ha alcanzado pero que han tenido en cuenta otros equipos de primera l\u00ednea interesados en hacerse con sus servicios.<\/p>\n<p>Se va un futbolista bajo sospecha para la mayor\u00eda de los entrenadores, que lo contemplaban a lo mucho como un revulsivo mientras la grada lo observaba desde el orgullo por su forma generosa de interpretar este deporte y que, al final, adquir\u00eda un protagonismo may\u00fasculo para desplazar a los fichajes que iban fracasando uno tras otro. Az\u00f3n ha colaborado con sus goles a la permanencia del Real Zaragoza en una de las etapas m\u00e1s sombr\u00edas de la instituci\u00f3n, pero nunca ha calado del todo. Finalizador por excelencia, con un excelso juego a\u00e9reo para la prolongaci\u00f3n o el remate y una capacidad de lucha innegociable, pone rumbo a Italia como premio a su trabajo y a su proyecci\u00f3n. Tiene algo de inexplicable esta operaci\u00f3n, s\u00f3lo comprensible desde la vertiente econ\u00f3mica y una gesti\u00f3n deportiva no demasiado avispada y sin perspectiva clara de futuro.<\/p>\n<blockquote class=\"twitter-tweet\">\n<p lang=\"es\" dir=\"ltr\"> Acuerdo con el Como 1907 para el traspaso del delantero Iv\u00e1n Az\u00f3n<\/p>\n<p>Gracias por tu garra y pundonor con la blanquilla, Iv\u00e1n <\/p>\n<p>Te deseamos la mejor de la suertes en esta nueva etapa<\/p>\n<p>&mdash; Real Zaragoza (@RealZaragoza) <a href=\"https:\/\/twitter.com\/RealZaragoza\/status\/1886541752674439410?ref_src=twsrc%5Etfw\">February 3, 2025<\/a><\/p><\/blockquote>\n<p> <script async src=\"https:\/\/platform.twitter.com\/widgets.js\" charset=\"utf-8\"><\/script><\/p>\n","protected":false},"excerpt":{"rendered":"<p>El club, que ofreci\u00f3 una renovaci\u00f3n a la baja a un delantero en crecimiento, acepta dos millones del equipo de Cesc F\u00e1bregas Iv\u00e1n Az\u00f3n va a formar parte de la Liga italiana, de la Serie A, esta misma temporada. Pese a sufrir una lesi\u00f3n en el s\u00f3leo que le mantendr\u00e1 <a class=\"read-more\" href=\"https:\/\/principesdeparis.es\/principes\/el-real-zaragoza-vende-a-su-goleador-al-como\/\">Sigue leyendo<\/a><\/p>\n","protected":false},"author":2,"featured_media":17895,"comment_status":"open","ping_status":"open","sticky":false,"template":"","format":"standard","meta":{"footnotes":""},"categories":[13,1],"tags":[],"class_list":["post-17894","post","type-post","status-publish","format-standard","has-post-thumbnail","hentry","category-publicidad","category-real-zaragoza"],"_links":{"self":[{"href":"https:\/\/principesdeparis.es\/principes\/wp-json\/wp\/v2\/posts\/17894","targetHints":{"allow":["GET"]}}],"collection":[{"href":"https:\/\/principesdeparis.es\/principes\/wp-json\/wp\/v2\/posts"}],"about":[{"href":"https:\/\/principesdeparis.es\/principes\/wp-json\/wp\/v2\/types\/post"}],"author":[{"embeddable":true,"href":"https:\/\/principesdeparis.es\/principes\/wp-json\/wp\/v2\/users\/2"}],"replies":[{"embeddable":true,"href":"https:\/\/principesdeparis.es\/principes\/wp-json\/wp\/v2\/comments?post=17894"}],"version-history":[{"count":2,"href":"https:\/\/principesdeparis.es\/principes\/wp-json\/wp\/v2\/posts\/17894\/revisions"}],"predecessor-version":[{"id":17916,"href":"https:\/\/principesdeparis.es\/principes\/wp-json\/wp\/v2\/posts\/17894\/revisions\/17916"}],"wp:featuredmedia":[{"embeddable":true,"href":"https:\/\/principesdeparis.es\/principes\/wp-json\/wp\/v2\/media\/17895"}],"wp:attachment":[{"href":"https:\/\/principesdeparis.es\/principes\/wp-json\/wp\/v2\/media?parent=17894"}],"wp:term":[{"taxonomy":"category","embeddable":true,"href":"https:\/\/principesdeparis.es\/principes\/wp-json\/wp\/v2\/categories?post=17894"},{"taxonomy":"post_tag","embeddable":true,"href":"https:\/\/principesdeparis.es\/principes\/wp-json\/wp\/v2\/tags?post=17894"}],"curies":[{"name":"wp","href":"https:\/\/api.w.org\/{rel}","templated":true}]}}