{"id":17897,"date":"2025-02-03T22:02:14","date_gmt":"2025-02-03T22:02:14","guid":{"rendered":"https:\/\/principesdeparis.es\/principes\/?p=17897"},"modified":"2025-02-04T10:34:15","modified_gmt":"2025-02-04T10:34:15","slug":"guti-vuelve-al-real-zaragoza-y-aguado-se-va-al-elche","status":"publish","type":"post","link":"https:\/\/principesdeparis.es\/principes\/guti-vuelve-al-real-zaragoza-y-aguado-se-va-al-elche\/","title":{"rendered":"Guti vuelve al Real Zaragoza y Aguado se va al Elche"},"content":{"rendered":"<p>La operaci\u00f3n sorpresa acaba de rubricarse con un intercambio de jugadores entre el Elche y el Real Zaragoza: Guti, que firma hasta 2026, vuelve a casa y Aguado, que lo hace hasta 2028, se marcha al club ilicitano. El trueque de centrocampistas satisface a ambas partes ya que el conjunto aragon\u00e9s recupera a un futbolista al que siempre ha adorado desde que fuera traspasado al equipo franjiverde en 2020. La campa\u00f1a pasada consigui\u00f3 su cesi\u00f3n, pero en el primer partido sufri\u00f3 una fractura completa de la r\u00f3tula de su rodilla derecha que le tuvo nueve meses sin competir. Como con Sebasti\u00e1n Beccacece, tampoco ha tenido protagonismo con Eder Sarabia, lo que ha propiciado una negociaci\u00f3n sugerida con anterioridad pero cerrada este mismo lunes.<\/p>\n<p>Cada uno buscar\u00e1 su para\u00edso particular en diferentes puntos de sus carreras. El Real Zaragoza no ha podido ser el de Marc Aguado pese a que ha contado con minutos y partidos en las dos temporadas desde que llegara del Andorra, un futbolista que necesita un ecosistema muy singular para desarrollar sus virtudes de conductor del juego y que con la llegada de Kervin Arriaga hab\u00eda perdido su ascendencia. Sarabia, que fue quien mejor explot\u00f3 sus cualidades y siempre pendiente desde verano para volver a contar con \u00e9l mientras la oferta de renovaci\u00f3n de Juan Carlos Cordero no llegaba, se reencuentra con un centrocampista que en el Elche va a encontrar un escenario en principio ideal , aunque no exento de competencia, para su f\u00fatbol.<\/p>\n<blockquote class=\"twitter-tweet\">\n<p lang=\"es\" dir=\"ltr\">La vida te lo deb\u00eda<\/p>\n<p>Bienvenido de nuevo a tu casa<\/p>\n<p>Bienvenido de nuevo a tu Real Zaragoza, Ra\u00fal <a href=\"https:\/\/t.co\/WuDs64xwue\">pic.twitter.com\/WuDs64xwue<\/a><\/p>\n<p>&mdash; Real Zaragoza (@RealZaragoza) <a href=\"https:\/\/twitter.com\/RealZaragoza\/status\/1886537751337570418?ref_src=twsrc%5Etfw\">February 3, 2025<\/a><\/p><\/blockquote>\n<p> <script async src=\"https:\/\/platform.twitter.com\/widgets.js\" charset=\"utf-8\"><\/script><\/p>\n<blockquote class=\"twitter-tweet\">\n<p lang=\"es\" dir=\"ltr\"> El Real Zaragoza y el Elche CF acuerdan el traspaso de Marc Aguado<\/p>\n<p> Muchas gracias Marc por tu trabajo y profesionalidad desde las categor\u00edas inferiores del club hasta el primer equipo<\/p>\n<p>&mdash; Real Zaragoza (@RealZaragoza) <a href=\"https:\/\/twitter.com\/RealZaragoza\/status\/1886537084925886469?ref_src=twsrc%5Etfw\">February 3, 2025<\/a><\/p><\/blockquote>\n<p> <script async src=\"https:\/\/platform.twitter.com\/widgets.js\" charset=\"utf-8\"><\/script><\/p>\n","protected":false},"excerpt":{"rendered":"<p>La operaci\u00f3n sorpresa acaba de rubricarse con un intercambio de jugadores entre el Elche y el Real Zaragoza: Guti, que firma hasta 2026, vuelve a casa y Aguado, que lo hace hasta 2028, se marcha al club ilicitano. El trueque de centrocampistas satisface a ambas partes ya que el conjunto <a class=\"read-more\" href=\"https:\/\/principesdeparis.es\/principes\/guti-vuelve-al-real-zaragoza-y-aguado-se-va-al-elche\/\">Sigue leyendo<\/a><\/p>\n","protected":false},"author":2,"featured_media":17898,"comment_status":"open","ping_status":"open","sticky":false,"template":"","format":"standard","meta":{"footnotes":""},"categories":[13,1],"tags":[],"class_list":["post-17897","post","type-post","status-publish","format-standard","has-post-thumbnail","hentry","category-publicidad","category-real-zaragoza"],"_links":{"self":[{"href":"https:\/\/principesdeparis.es\/principes\/wp-json\/wp\/v2\/posts\/17897","targetHints":{"allow":["GET"]}}],"collection":[{"href":"https:\/\/principesdeparis.es\/principes\/wp-json\/wp\/v2\/posts"}],"about":[{"href":"https:\/\/principesdeparis.es\/principes\/wp-json\/wp\/v2\/types\/post"}],"author":[{"embeddable":true,"href":"https:\/\/principesdeparis.es\/principes\/wp-json\/wp\/v2\/users\/2"}],"replies":[{"embeddable":true,"href":"https:\/\/principesdeparis.es\/principes\/wp-json\/wp\/v2\/comments?post=17897"}],"version-history":[{"count":4,"href":"https:\/\/principesdeparis.es\/principes\/wp-json\/wp\/v2\/posts\/17897\/revisions"}],"predecessor-version":[{"id":17917,"href":"https:\/\/principesdeparis.es\/principes\/wp-json\/wp\/v2\/posts\/17897\/revisions\/17917"}],"wp:featuredmedia":[{"embeddable":true,"href":"https:\/\/principesdeparis.es\/principes\/wp-json\/wp\/v2\/media\/17898"}],"wp:attachment":[{"href":"https:\/\/principesdeparis.es\/principes\/wp-json\/wp\/v2\/media?parent=17897"}],"wp:term":[{"taxonomy":"category","embeddable":true,"href":"https:\/\/principesdeparis.es\/principes\/wp-json\/wp\/v2\/categories?post=17897"},{"taxonomy":"post_tag","embeddable":true,"href":"https:\/\/principesdeparis.es\/principes\/wp-json\/wp\/v2\/tags?post=17897"}],"curies":[{"name":"wp","href":"https:\/\/api.w.org\/{rel}","templated":true}]}}