{"id":17904,"date":"2025-02-03T23:37:57","date_gmt":"2025-02-03T23:37:57","guid":{"rendered":"https:\/\/principesdeparis.es\/principes\/?p=17904"},"modified":"2025-02-03T23:40:09","modified_gmt":"2025-02-03T23:40:09","slug":"cordero-se-queda-sin-defensa","status":"publish","type":"post","link":"https:\/\/principesdeparis.es\/principes\/cordero-se-queda-sin-defensa\/","title":{"rendered":"Cordero se queda sin defensa"},"content":{"rendered":"<p style=\"text-align: center;\"><em><strong>El director deportivo ficha a Dani G\u00f3mez para cubrir la venta de Az\u00f3n al Como, recupera a Guti del Elche, donde se va Aguado, y fracasa con los centrales, la gran urgencia<\/strong><\/em><\/p>\n<p>Juan Carlos Cordero ha completado un mercado de invierno que no lleva al Real Zaragoza a ninguna parte: ni mejora sustancialmente lo que hab\u00eda ni, lo m\u00e1s grave, refuerza la zona m\u00e1s desprotegida de la plantilla, el eje defensivo pese al acierto de la cesi\u00f3n del hondure\u00f1o Kervin Arriaga, de profesi\u00f3n mediocentro aunque se le retrase en casos de alarma. El empate con el C\u00e1diz vino a confirmar, si no hab\u00eda ocurrido antes, el enorme fiasco de su gesti\u00f3n en verano, con el equipo ya a nueve puntos de la sexta plaza, es decir de tener alguna opci\u00f3n de luchar por el ascenso, ruta que se hab\u00eda marcado la propiedad, y el desperdicio de tiempo desde la apertura de esta ventana. El director deportivo acumula un fracaso m\u00e1s al frente del cargo, con un pu\u00f1ado de apuestas no han funcionado en sus anteriores intervenciones y con esta nueva tanda de negociaciones de tono conformista, sin duda desheredado de las suficientes herramientas econ\u00f3micas de un fondo de inversi\u00f3n ajeno al salto cualitativo que se necesita para aspirar a una vuelta a la \u00e9lite imposible una vez m\u00e1s con casi toda la segunda vuelta por delante.<\/p>\n<p>El mejor parado ha sido el centro del campo, siempre que Ra\u00fal Guti, el eterno hijo pr\u00f3digo, muestre el nivel que ten\u00eda antes de la lesi\u00f3n que se produjo en su anterior pr\u00e9stamo en La Romareda. El Real Zaragoza invent\u00f3 una maniobra de \u00faltima hora para que regresara, sabiendo que el Elche quer\u00eda a Marc Aguado, y Eder Sabaria, mentor del aragon\u00e9s, acept\u00f3 encantado el truque. Con Guti y Kervin Arriaga, la medular gana en m\u00fasculo y despliegue f\u00edsico, cualidades que se ajustan a la gustos de Miguel \u00c1ngel Ram\u00edrez. Aguado, que estaba a la expectativa y m\u00e1s despu\u00e9s de perder la titularidad frente a Arriaga, desoy\u00f3 la oferta de renovaci\u00f3n y puso rumbo al Mart\u00ednez Valero en cuanto supo de la posibilidad de ese intercambio para reencontrase con el entrenador que mejor le ha comprendido.<\/p>\n<p>El resto de las l\u00edneas salen malparadas. El fichaje en propiedad de Dani G\u00f3mez hasta 2027, un delantero con poco gol y un historial de trashumancia sin demasiado relumbr\u00f3n, viene a cubrir la venta de Iv\u00e1n Az\u00f3n al Como. El goleador, lesionado del s\u00f3leo, ha sido traspasado por dos millones de euros, una cantidad que se ha valorado como suficiente para desprenderse de forma nada subliminal de un atacante que no convenc\u00eda. La oferta a la baja para su renovaci\u00f3n hizo que su empresa de representaci\u00f3n empezara a recibir llamadas, la m\u00e1s insistente de Cesc F\u00e1bregas. De Segunda a la Seria A. Dani G\u00f3mez, de no jugar en el Valencia cedido por el Levante, a firmar por tres campa\u00f1as y media&#8230; De los extremos no ha habido noticia alguna. Se ha peinado algo el mercado pero sin excesivo inter\u00e9s, con lo que el frente ofensivo, donde seguir\u00e1 Mar\u00ed, sufre un solo cambio. \u00bfA mejor?<\/p>\n<p>Desde julio, se hizo un llamamiento de socorro para adquirir un m\u00ednimo de dos centrales. Llu\u00eds L\u00f3pez y Jair, de poca confianza, se hab\u00edan quedado solos. Vital, Kosa y Clemente fueron la respuesta, sin que ninguno de los tres haya dado la talla. Hab\u00eda en esa parcela un consenso multitudinario de la necesidad de robustecerla, y se emplaz\u00f3 a la afici\u00f3n a que en enero se retomar\u00eda la cuesti\u00f3n. Pues bien, si algo ten\u00eda que hacer Cordero, era atender a ese agujero visible para cualquiera, sobre todo para los t\u00e9cnicos rivales. Si el director deportivo ten\u00eda una misi\u00f3n prioritaria, era esa. No hay centrales ni central, y contin\u00faa Jair. Con el Real Zaragoza en la tierra de donnadie.<\/p>\n","protected":false},"excerpt":{"rendered":"<p>El director deportivo ficha a Dani G\u00f3mez para cubrir la venta de Az\u00f3n al Como, recupera a Guti del Elche, donde se va Aguado, y fracasa con los centrales, la gran urgencia Juan Carlos Cordero ha completado un mercado de invierno que no lleva al Real Zaragoza a ninguna parte: <a class=\"read-more\" href=\"https:\/\/principesdeparis.es\/principes\/cordero-se-queda-sin-defensa\/\">Sigue leyendo<\/a><\/p>\n","protected":false},"author":2,"featured_media":17905,"comment_status":"open","ping_status":"open","sticky":false,"template":"","format":"standard","meta":{"footnotes":""},"categories":[13,1],"tags":[],"class_list":["post-17904","post","type-post","status-publish","format-standard","has-post-thumbnail","hentry","category-publicidad","category-real-zaragoza"],"_links":{"self":[{"href":"https:\/\/principesdeparis.es\/principes\/wp-json\/wp\/v2\/posts\/17904","targetHints":{"allow":["GET"]}}],"collection":[{"href":"https:\/\/principesdeparis.es\/principes\/wp-json\/wp\/v2\/posts"}],"about":[{"href":"https:\/\/principesdeparis.es\/principes\/wp-json\/wp\/v2\/types\/post"}],"author":[{"embeddable":true,"href":"https:\/\/principesdeparis.es\/principes\/wp-json\/wp\/v2\/users\/2"}],"replies":[{"embeddable":true,"href":"https:\/\/principesdeparis.es\/principes\/wp-json\/wp\/v2\/comments?post=17904"}],"version-history":[{"count":2,"href":"https:\/\/principesdeparis.es\/principes\/wp-json\/wp\/v2\/posts\/17904\/revisions"}],"predecessor-version":[{"id":17907,"href":"https:\/\/principesdeparis.es\/principes\/wp-json\/wp\/v2\/posts\/17904\/revisions\/17907"}],"wp:featuredmedia":[{"embeddable":true,"href":"https:\/\/principesdeparis.es\/principes\/wp-json\/wp\/v2\/media\/17905"}],"wp:attachment":[{"href":"https:\/\/principesdeparis.es\/principes\/wp-json\/wp\/v2\/media?parent=17904"}],"wp:term":[{"taxonomy":"category","embeddable":true,"href":"https:\/\/principesdeparis.es\/principes\/wp-json\/wp\/v2\/categories?post=17904"},{"taxonomy":"post_tag","embeddable":true,"href":"https:\/\/principesdeparis.es\/principes\/wp-json\/wp\/v2\/tags?post=17904"}],"curies":[{"name":"wp","href":"https:\/\/api.w.org\/{rel}","templated":true}]}}