{"id":17918,"date":"2025-02-04T13:57:56","date_gmt":"2025-02-04T13:57:56","guid":{"rendered":"https:\/\/principesdeparis.es\/principes\/?p=17918"},"modified":"2025-02-04T13:57:56","modified_gmt":"2025-02-04T13:57:56","slug":"emociones-para-disimular-fisuras","status":"publish","type":"post","link":"https:\/\/principesdeparis.es\/principes\/emociones-para-disimular-fisuras\/","title":{"rendered":"\u00bfEmociones para disimular fisuras?"},"content":{"rendered":"<p>Los movimientos que ha hecho el Real Zaragoza en el mercado de invierno se deben calificar ahora como buenos, malos o regulares. Y rematar la nota si acaso cuando acabe la temporada, visto el rendimiento de los implicados. Lo digo porque ya hemos vivido el \u201cCordero es un crack\u201d y, unos meses despu\u00e9s, el \u201cCordero vete ya\u201d. Es parecido a los cambios que hace un entrenador durante un partido, cuya conveniencia o no requiere mayor porcentaje de an\u00e1lisis en el instante en que se hacen y no tanto al final del desempe\u00f1o de un juego sujeto a cientos de variables que condicionan la aportaci\u00f3n individual.<\/p>\n<p>En ese sentido, no me disgusta c\u00f3mo ha manejado la situaci\u00f3n el club aragon\u00e9s, aunque queda al descubierto que ha utilizado el tema emocional, la manta del coraz\u00f3n para arropar maniobras que dejan alguna fisura sin curar. Hablo de los casos que ata\u00f1en a Cristian, Az\u00f3n y Guti.<\/p>\n<p>En cuanto al portero argentino, siempre quedar\u00e1 el borr\u00f3n de que no haya podido despedirse en el campo. Alguna opci\u00f3n hubo, pero V\u00edctor Fern\u00e1ndez no la contempl\u00f3. Estoy seguro de que el homenaje que le har\u00e1 el club el pr\u00f3ximo partido en casa y el hecho de que permanezca como trabajador de la entidad har\u00e1n que la afici\u00f3n vuelque sobre el rosarino todo el cari\u00f1o y agradecimiento que merece.<\/p>\n<p>Con Az\u00f3n, las cifras que se publican de traspaso al Como italiano por un futbolista que terminaba contrato en junio delatan una operaci\u00f3n magn\u00edfica. Otra cosa es c\u00f3mo se cubra la ausencia del canterano, m\u00e1ximo goleador del equipo y, sobre todo, un enorme trabajador de defensas que potencia a todo compa\u00f1ero que le rodea. Se entiende que por \u00e9l ha llegado Dani G\u00f3mez, cuya trayectoria es muy notable. No obstante, el gol blanquillo tendr\u00e1 mucho que ver con la completa recuperaci\u00f3n de Bazdar y Sober\u00f3n, y lo que puedan seguir aportando Sans y Liso.<\/p>\n<p>Lo de Guti es el efecto l\u00e1grima por excelencia. Que volviera a lesionarse de gravedad en el primer retorno a la Romareda fue un golpe muy triste para un chico muy querido por la grada. Esta segunda vuelta refleja zaragocismo y ansia de recuperar su mejor momento. Cambiarlo por Aguado (y esto ya es una opini\u00f3n muy personal) me parece estupendo porque pienso que es un perfil m\u00e1s completo de centrocampista.<\/p>\n<p>Tema centrales. Es obvio que es la l\u00ednea m\u00e1s floja del Zaragoza. En este sentido, estoy convencido de que el m\u00edster, Miguel \u00c1ngel Ram\u00edrez, contar\u00e1 con Kervin Arriaga, fichaje de principios de este mercado, para reforzar esa posici\u00f3n defensiva, tanto si parte con l\u00ednea de cinco como de cuatro en la pizarra.<\/p>\n","protected":false},"excerpt":{"rendered":"<p>Los movimientos que ha hecho el Real Zaragoza en el mercado de invierno se deben calificar ahora como buenos, malos o regulares. Y rematar la nota si acaso cuando acabe la temporada, visto el rendimiento de los implicados. Lo digo porque ya hemos vivido el \u201cCordero es un crack\u201d y, <a class=\"read-more\" href=\"https:\/\/principesdeparis.es\/principes\/emociones-para-disimular-fisuras\/\">Sigue leyendo<\/a><\/p>\n","protected":false},"author":4,"featured_media":17649,"comment_status":"open","ping_status":"open","sticky":false,"template":"","format":"standard","meta":{"footnotes":""},"categories":[13,1],"tags":[],"class_list":["post-17918","post","type-post","status-publish","format-standard","has-post-thumbnail","hentry","category-publicidad","category-real-zaragoza"],"_links":{"self":[{"href":"https:\/\/principesdeparis.es\/principes\/wp-json\/wp\/v2\/posts\/17918","targetHints":{"allow":["GET"]}}],"collection":[{"href":"https:\/\/principesdeparis.es\/principes\/wp-json\/wp\/v2\/posts"}],"about":[{"href":"https:\/\/principesdeparis.es\/principes\/wp-json\/wp\/v2\/types\/post"}],"author":[{"embeddable":true,"href":"https:\/\/principesdeparis.es\/principes\/wp-json\/wp\/v2\/users\/4"}],"replies":[{"embeddable":true,"href":"https:\/\/principesdeparis.es\/principes\/wp-json\/wp\/v2\/comments?post=17918"}],"version-history":[{"count":1,"href":"https:\/\/principesdeparis.es\/principes\/wp-json\/wp\/v2\/posts\/17918\/revisions"}],"predecessor-version":[{"id":17919,"href":"https:\/\/principesdeparis.es\/principes\/wp-json\/wp\/v2\/posts\/17918\/revisions\/17919"}],"wp:featuredmedia":[{"embeddable":true,"href":"https:\/\/principesdeparis.es\/principes\/wp-json\/wp\/v2\/media\/17649"}],"wp:attachment":[{"href":"https:\/\/principesdeparis.es\/principes\/wp-json\/wp\/v2\/media?parent=17918"}],"wp:term":[{"taxonomy":"category","embeddable":true,"href":"https:\/\/principesdeparis.es\/principes\/wp-json\/wp\/v2\/categories?post=17918"},{"taxonomy":"post_tag","embeddable":true,"href":"https:\/\/principesdeparis.es\/principes\/wp-json\/wp\/v2\/tags?post=17918"}],"curies":[{"name":"wp","href":"https:\/\/api.w.org\/{rel}","templated":true}]}}