{"id":17920,"date":"2025-02-04T18:15:40","date_gmt":"2025-02-04T18:15:40","guid":{"rendered":"https:\/\/principesdeparis.es\/principes\/?p=17920"},"modified":"2025-02-04T22:56:57","modified_gmt":"2025-02-04T22:56:57","slug":"cristian-ser-de-verdad-eso-es-el-zaragocismo","status":"publish","type":"post","link":"https:\/\/principesdeparis.es\/principes\/cristian-ser-de-verdad-eso-es-el-zaragocismo\/","title":{"rendered":"Cristian: \u00abSer de verdad, eso es el zaragocismo\u00bb"},"content":{"rendered":"<p><strong>\u00ab\u00a1Qu\u00e9 demasiado para un pibe de Rosario! Gracias por estar ac\u00e1. Veo tantas caras conocidas, tantos momentos vividos buenos, malos. Veo amigos tambi\u00e9n que han estado conmigo desde el primer a\u00f1o. La gente del club. No me alcanza el coraz\u00f3n para agradecerles y les abrazar\u00eda uno por uno, y a todas las personas de la afici\u00f3n y de Zaragoza que me han tratado con tanto amor. Ahora mismo me siento parte completa de esta ciudad, de este lugar y de todos ustedes. Ni me prepar\u00e9 nada. Intent\u00e9 escribir algo, pero como buen argentino me empec\u00e9 a enredar en m\u00ed mismo\u00bb.<\/strong><\/p>\n<p><iframe loading=\"lazy\" width=\"560\" height=\"315\" src=\"https:\/\/www.youtube.com\/embed\/9WqIdZmpAGQ?si=emLAzY7Mr7zLg15P\" title=\"YouTube video player\" frameborder=\"0\" allow=\"accelerometer; autoplay; clipboard-write; encrypted-media; gyroscope; picture-in-picture; web-share\" referrerpolicy=\"strict-origin-when-cross-origin\" allowfullscreen><\/iframe><\/p>\n<p><strong>Un momento de su carrera:<\/strong> \u00abPara m\u00ed, un antes y un despu\u00e9s fue el partido contra el Sporting en Gij\u00f3n que ganamos 0-1 con un gol de Delm\u00e1s. Yo ven\u00eda de jugar todos los partidos y sent\u00ed por dentro que me estaba quedando sin fuerzas, que los fantasmas del pasado me ven\u00edan a buscar y dec\u00edan &#8216;no, no nos va poder&#8217;, el equipo no levantaba cabeza. Me ve\u00eda una gran primer parte y el segunda marcamos y faltando cuatro minutos pitan un penalti en contra. El mundo se me vino abajo. Dije, &#8216;no pude ser tanto drama&#8217;. Para m\u00ed era una tragedia en mi vida. Me qued\u00e9 suspendido a lo lejos y ped\u00ed &#8216;por favor&#8217; e hice una doble parada. Y ah\u00ed aprend\u00ed que si lo intentas de verdad es cuando viene la magia y te levanta. Ese fue uno de los momentos clave. Me dej\u00f3 un aprendizaje\u00bb.<\/p>\n<p><strong>Cu\u00e1ndo decidi\u00f3 el adi\u00f3s:<\/strong> \u00abA ra\u00edz de la lesi\u00f3n. Yo lo ven\u00eda barajando muy adentro desde hac\u00eda un mes. Antes siempre tuve la esperanza de jugar. No vine a pasear. Supongo que el tiempo y el f\u00edsico no es el mismo. Mentalmente fui mermando y descubr\u00ed otra faceta de la que me siento feliz que fue conocer en profundidad a todos ustedes y ayudar a mis compa\u00f1eros. Los a\u00f1os anteriores intentando ser el mejor. Era estar metido en mi ego, que es el del futbolista. Cuando logr\u00e9 salir de ah\u00ed y consegu\u00ed empatizar me empec\u00e9 a olvidar m\u00e1s de m\u00ed. Con 39 a\u00f1os tengo la conciencia muy tranquila. Me voy bien, con los valores que me inculcaron en casa y sin traicionarlos\u00bb.<\/p>\n<p><strong>Sin la espina clavada del ascenso:<\/strong> \u00abCada vez que entr\u00e9 en La Romareda fue una monta\u00f1a rusa de emociones. Ser portero del Real zaragoza me lo dio todo. No tengo una espina clavada. Es cierto que siempre perseguimos el ascenso. Que no se diera no le quita m\u00e9rito ni a m\u00ed ni a mis compa\u00f1eros. Conf\u00edo en que estar ah\u00ed cuando lo logremos\u00bb.<\/p>\n<p><strong>La ciudad:<\/strong> \u00abFue todo un proceso desde que llegu\u00e9 al club. Evolucion\u00e9 y se produjo un cambio profundo. He conocido amigos. Eso hizo que me arraigue m\u00e1s y haga m\u00eda en esta ciudad. Fui descubri\u00e9ndome. Reconozco los olores, la arquitectura. Encontr\u00e9 sencillez en la gente, cercan\u00eda, valores, honestidad y sinceridad de verdad\u00bb.<\/p>\n<p><strong>El gol de Diamanka:<\/strong> \u00abFue el golpe m\u00e1s duro y el primero. Ese a\u00f1o hab\u00edamos hecho una temporada maravillosa. Lo ten\u00edamos todo para subir. He pensado si me tiraba antes, si corr\u00eda antes&#8230; Ah\u00ed tuve claro que quer\u00eda seguir, con la gente en el estadio despu\u00e9s del partido. Fue duro, pero tambi\u00e9n me hizo estar seguro de que quer\u00eda continuar\u00bb.<\/p>\n<p><strong>Mensaje a los compa\u00f1eros :<\/strong> \u00abQue lo m\u00e1s lindo del mundo es ser futbolistas. Bueno portero (Risas). Salir a la cancha y jugar. El otro d\u00eda ve\u00eda los botines, una cancha verde, un estadio. Por mucho que se viva una parte dura, no deja de ser lo m\u00e1s hermoso, as\u00ed que disfr\u00fatenlo que les queda mucho\u00bb.<\/p>\n<p><strong>Relaciones institucionales:<\/strong>\u00a0\u00abNo espero nada todav\u00eda. Estoy en el proceso de dejar de jugar. Me encantar\u00eda acompa\u00f1ar al Real Zaragoza desde otro lugar y poder verlo crecer en a\u00f1os que ser\u00e1n fenomenales. Transmitir zaragocismo a los jugadores nuevos que vengan. Poderme cruzar con la gente en la calle y contarle de verdad que las cosas se hacen bien . Que se genere un aura de positividad y que La Romareda es un fort\u00edn. Como se lo merecen, va a suceder. Yo aportar\u00e9 mi granito de arena y creciendo como persona\u00bb.<\/p>\n<p><strong>La Romareda:<\/strong> \u00abRecuerdo lo fuerte y desolador que fue jugar sin gente en La Romareda. Ah\u00ed te das cuenta de lo que significa el estadio cuando quiere y te quiere. Cuando La Romareda se incendia para llevar al equipo. Me llevo toda esa verdad que pasa dentro de este campo\u00bb<\/p>\n<p><strong>De qui\u00e9n se acuerda:<\/strong> \u00abRecib\u00ed un mont\u00f3n de mensajes de cari\u00f1o. Todav\u00eda no he alcanzado a responder y quiero hacerlo. El equipo de mi infancia donde aprend\u00ed a a ser arquero y compa\u00f1ero. Ah\u00ed fui realmente feliz. Luego todas las personas a lo largo de mi carrera con las que he vivido en diferentes clubes. Gracias a todos porque me ense\u00f1aron en el d\u00eda a d\u00eda cosas del f\u00fatbol. Para m\u00ed las personas son m\u00e1s importantes que los equipos o los clubes porque son los que les representan. No voy a dar nombres porque podr\u00eda olvidarme de alguno\u00bb.<\/p>\n<p><strong>Ser portero:<\/strong> \u00abY desde muy peque\u00f1o se relaciona con la responsabilidad y la presi\u00f3n. Desde que tienes cinco a\u00f1os. Formas una personalidad diferente introvertido, anal\u00edtico, porque sabes que eres muy importante. Te haces solitario, diferente a los jugadores de campo\u00bb.<\/p>\n<p><strong>El homenaje del d\u00eda 16:<\/strong> \u00abNo s\u00e9. Ir\u00e9 pasando cada momento hasta ese d\u00eda desde que decid\u00ed dejar de jugar. Me llevar\u00e9 ese momento para toda mi vida\u00bb.<\/p>\n<p><strong>C\u00f3mo explicar a su hijo Dante el Real Zaragoza:<\/strong> \u00abCon recuerdos de recuerdos de mi infancia, pero no es as\u00ed. De tu pap\u00e1 llev\u00e1ndote de la mano a la cancha. Todo se reduce a lo que disfrutas con la gente que quieres. Le puedo transmitir lo que he sentido aqu\u00ed. Dar la cara siempre. Ser de verdad al margen de que salga las cosas bien o mal. Eso para m\u00ed es el zaragocismo, verdadero. Si te muestras como eres, te van a querer\u00bb<\/p>\n<p>&nbsp;<\/p>\n<blockquote class=\"twitter-tweet\">\n<p dir=\"ltr\" lang=\"es\">Gracias totales, Cristian<\/p>\n<p>Eres una leyenda eterna del Real Zaragoza<\/p>\n<p><a href=\"https:\/\/t.co\/OQYf9aJs6M\">pic.twitter.com\/OQYf9aJs6M<\/a><\/p>\n<p>\u2014 Real Zaragoza (@RealZaragoza) <a href=\"https:\/\/twitter.com\/RealZaragoza\/status\/1886482901274894576?ref_src=twsrc%5Etfw\">February 3, 2025<\/a><\/p><\/blockquote>\n<p><script async src=\"https:\/\/platform.twitter.com\/widgets.js\" charset=\"utf-8\"><\/script><\/p>\n","protected":false},"excerpt":{"rendered":"<p>\u00ab\u00a1Qu\u00e9 demasiado para un pibe de Rosario! Gracias por estar ac\u00e1. Veo tantas caras conocidas, tantos momentos vividos buenos, malos. Veo amigos tambi\u00e9n que han estado conmigo desde el primer a\u00f1o. La gente del club. No me alcanza el coraz\u00f3n para agradecerles y les abrazar\u00eda uno por uno, y a <a class=\"read-more\" href=\"https:\/\/principesdeparis.es\/principes\/cristian-ser-de-verdad-eso-es-el-zaragocismo\/\">Sigue leyendo<\/a><\/p>\n","protected":false},"author":2,"featured_media":17921,"comment_status":"open","ping_status":"open","sticky":false,"template":"","format":"standard","meta":{"footnotes":""},"categories":[13,1],"tags":[],"class_list":["post-17920","post","type-post","status-publish","format-standard","has-post-thumbnail","hentry","category-publicidad","category-real-zaragoza"],"_links":{"self":[{"href":"https:\/\/principesdeparis.es\/principes\/wp-json\/wp\/v2\/posts\/17920","targetHints":{"allow":["GET"]}}],"collection":[{"href":"https:\/\/principesdeparis.es\/principes\/wp-json\/wp\/v2\/posts"}],"about":[{"href":"https:\/\/principesdeparis.es\/principes\/wp-json\/wp\/v2\/types\/post"}],"author":[{"embeddable":true,"href":"https:\/\/principesdeparis.es\/principes\/wp-json\/wp\/v2\/users\/2"}],"replies":[{"embeddable":true,"href":"https:\/\/principesdeparis.es\/principes\/wp-json\/wp\/v2\/comments?post=17920"}],"version-history":[{"count":5,"href":"https:\/\/principesdeparis.es\/principes\/wp-json\/wp\/v2\/posts\/17920\/revisions"}],"predecessor-version":[{"id":17931,"href":"https:\/\/principesdeparis.es\/principes\/wp-json\/wp\/v2\/posts\/17920\/revisions\/17931"}],"wp:featuredmedia":[{"embeddable":true,"href":"https:\/\/principesdeparis.es\/principes\/wp-json\/wp\/v2\/media\/17921"}],"wp:attachment":[{"href":"https:\/\/principesdeparis.es\/principes\/wp-json\/wp\/v2\/media?parent=17920"}],"wp:term":[{"taxonomy":"category","embeddable":true,"href":"https:\/\/principesdeparis.es\/principes\/wp-json\/wp\/v2\/categories?post=17920"},{"taxonomy":"post_tag","embeddable":true,"href":"https:\/\/principesdeparis.es\/principes\/wp-json\/wp\/v2\/tags?post=17920"}],"curies":[{"name":"wp","href":"https:\/\/api.w.org\/{rel}","templated":true}]}}