{"id":17926,"date":"2025-02-04T18:34:32","date_gmt":"2025-02-04T18:34:32","guid":{"rendered":"https:\/\/principesdeparis.es\/principes\/?p=17926"},"modified":"2025-02-04T18:38:00","modified_gmt":"2025-02-04T18:38:00","slug":"las-despedidas-de-azon-y-aguado","status":"publish","type":"post","link":"https:\/\/principesdeparis.es\/principes\/las-despedidas-de-azon-y-aguado\/","title":{"rendered":"Las despedidas de Az\u00f3n y Aguado"},"content":{"rendered":"<p><strong>Iv\u00e1n Az\u00f3n<\/strong><\/p>\n<p>\u00abMe dejo un hueco en el coraz\u00f3n de no poder ayudar a hacer que este este club vuelva donde pertenece. Por muy lejos que est\u00e9, te seguir\u00e9, te animar\u00e9 siempre y tratar\u00e9 de representarte lo mejor posible. Siempre estar\u00e1s en mi coraz\u00f3n, Real Zaragoza. Gracias\u00bb<\/p>\n<p>&nbsp;<\/p>\n<blockquote class=\"twitter-tweet\">\n<p dir=\"ltr\" lang=\"es\">Gracias, Iv\u00e1n<\/p>\n<p>Zaragoza siempre ser\u00e1 tu casa <a href=\"https:\/\/t.co\/oMmf0J3rFO\">pic.twitter.com\/oMmf0J3rFO<\/a><\/p>\n<p>\u2014 Real Zaragoza (@RealZaragoza) <a href=\"https:\/\/twitter.com\/RealZaragoza\/status\/1886743642246709254?ref_src=twsrc%5Etfw\">February 4, 2025<\/a><\/p><\/blockquote>\n<p><script async src=\"https:\/\/platform.twitter.com\/widgets.js\" charset=\"utf-8\"><\/script><\/p>\n<p>&nbsp;<\/p>\n<p><strong>Marc Aguado<\/strong><\/p>\n<p>\u00abDespu\u00e9s de 13 a\u00f1os vistiendo esta camiseta, ha llegado el momento de tomar la decisi\u00f3n m\u00e1s dif\u00edcil de mi vida y despedirme de la que siempre ha sido mi casa. Es complicado plasmar con palabras lo que siento porque este club lo ha sido todo para m\u00ed\u00bb.<\/p>\n<p><img loading=\"lazy\" decoding=\"async\" class=\"alignnone size-medium wp-image-17927 aligncenter\" src=\"https:\/\/principesdeparis.es\/principes\/wp-content\/uploads\/2025\/02\/marc-240x300.jpg\" alt=\"\" width=\"240\" height=\"300\" srcset=\"https:\/\/principesdeparis.es\/principes\/wp-content\/uploads\/2025\/02\/marc-240x300.jpg 240w, https:\/\/principesdeparis.es\/principes\/wp-content\/uploads\/2025\/02\/marc-821x1024.jpg 821w, https:\/\/principesdeparis.es\/principes\/wp-content\/uploads\/2025\/02\/marc-768x958.jpg 768w, https:\/\/principesdeparis.es\/principes\/wp-content\/uploads\/2025\/02\/marc-610x761.jpg 610w, https:\/\/principesdeparis.es\/principes\/wp-content\/uploads\/2025\/02\/marc-400x499.jpg 400w, https:\/\/principesdeparis.es\/principes\/wp-content\/uploads\/2025\/02\/marc.jpg 900w\" sizes=\"auto, (max-width: 240px) 100vw, 240px\" \/><\/p>\n","protected":false},"excerpt":{"rendered":"<p>Iv\u00e1n Az\u00f3n \u00abMe dejo un hueco en el coraz\u00f3n de no poder ayudar a hacer que este este club vuelva donde pertenece. Por muy lejos que est\u00e9, te seguir\u00e9, te animar\u00e9 siempre y tratar\u00e9 de representarte lo mejor posible. Siempre estar\u00e1s en mi coraz\u00f3n, Real Zaragoza. Gracias\u00bb &nbsp; Gracias, Iv\u00e1n <a class=\"read-more\" href=\"https:\/\/principesdeparis.es\/principes\/las-despedidas-de-azon-y-aguado\/\">Sigue leyendo<\/a><\/p>\n","protected":false},"author":2,"featured_media":17929,"comment_status":"open","ping_status":"open","sticky":false,"template":"","format":"standard","meta":{"footnotes":""},"categories":[13,1],"tags":[],"class_list":["post-17926","post","type-post","status-publish","format-standard","has-post-thumbnail","hentry","category-publicidad","category-real-zaragoza"],"_links":{"self":[{"href":"https:\/\/principesdeparis.es\/principes\/wp-json\/wp\/v2\/posts\/17926","targetHints":{"allow":["GET"]}}],"collection":[{"href":"https:\/\/principesdeparis.es\/principes\/wp-json\/wp\/v2\/posts"}],"about":[{"href":"https:\/\/principesdeparis.es\/principes\/wp-json\/wp\/v2\/types\/post"}],"author":[{"embeddable":true,"href":"https:\/\/principesdeparis.es\/principes\/wp-json\/wp\/v2\/users\/2"}],"replies":[{"embeddable":true,"href":"https:\/\/principesdeparis.es\/principes\/wp-json\/wp\/v2\/comments?post=17926"}],"version-history":[{"count":2,"href":"https:\/\/principesdeparis.es\/principes\/wp-json\/wp\/v2\/posts\/17926\/revisions"}],"predecessor-version":[{"id":17930,"href":"https:\/\/principesdeparis.es\/principes\/wp-json\/wp\/v2\/posts\/17926\/revisions\/17930"}],"wp:featuredmedia":[{"embeddable":true,"href":"https:\/\/principesdeparis.es\/principes\/wp-json\/wp\/v2\/media\/17929"}],"wp:attachment":[{"href":"https:\/\/principesdeparis.es\/principes\/wp-json\/wp\/v2\/media?parent=17926"}],"wp:term":[{"taxonomy":"category","embeddable":true,"href":"https:\/\/principesdeparis.es\/principes\/wp-json\/wp\/v2\/categories?post=17926"},{"taxonomy":"post_tag","embeddable":true,"href":"https:\/\/principesdeparis.es\/principes\/wp-json\/wp\/v2\/tags?post=17926"}],"curies":[{"name":"wp","href":"https:\/\/api.w.org\/{rel}","templated":true}]}}