{"id":17932,"date":"2025-02-05T12:45:10","date_gmt":"2025-02-05T12:45:10","guid":{"rendered":"https:\/\/principesdeparis.es\/principes\/?p=17932"},"modified":"2025-02-05T12:45:55","modified_gmt":"2025-02-05T12:45:55","slug":"ramirez-y-el-efecto-mariposa-del-lateral-izquierdo","status":"publish","type":"post","link":"https:\/\/principesdeparis.es\/principes\/ramirez-y-el-efecto-mariposa-del-lateral-izquierdo\/","title":{"rendered":"Ram\u00edrez y el efecto mariposa del lateral izquierdo"},"content":{"rendered":"<p style=\"text-align: center;\"><em><strong>El entrenador tiene que inventarse un carrilero zurdo para sus cinco defensas y decidir qu\u00e9 papel le otorga a Arriaga, si de central o mediocentro, lo que afectar\u00e1 a la zaga o a una medular con Guti y Bare como fijos<\/strong><\/em><\/p>\n<p>El &#8216;nuevo&#8217; Real Zaragoza, cuyo paso por el mercado no ha servido para reforzarle en posiciones capitales salvo la de mediocentro defensivo con la cesi\u00f3n de Kervin Arriaga, pasar\u00e1 este viernes su primer examen en el Carlos Belmonte con Miguel \u00c1ngel Ram\u00edrez barajando opciones para seguir consolidando su innegociable sistema. Tiene soluciones y problemas, sobre todo en un lateral izquierdo donde la baja por sanci\u00f3n de Tasende y las de Luna y Nieto por lesi\u00f3n, implicar\u00e1 que Calero se tenga que mantener en la derecha s\u00ed o s\u00ed. Ese carril queda por lo tanto abierto a todas las especulaciones posibles, con Clemente como alternativa pese a que sus experiencias en esa posici\u00f3n no han sido precisamente felices. Si el canterano cayera a banda, Jair seguir\u00eda, esta vez junto a Vital y Llu\u00eds L\u00f3pez, que regresa. En esa hip\u00f3tesis, el centro del campo ser\u00eda para Arriaga, Guti y Bare, una medular vigorosa como hace tiempo que no se ve\u00eda en el conjunto aragon\u00e9s. En punta, Bazdar y Dani G\u00f3mez en su debut asoman fijos para el t\u00e9cnico canario.<\/p>\n<p>La cuesti\u00f3n principal para el entrenador es no perder consistencia, pero en este partido m\u00e1s que nunca debe meditar si blindarse m\u00e1s de la cuenta y a qu\u00e9 futbolistas encomendar ciertas funciones. Clemente en el carril izquierdo, aunque d\u00e9 solidez en el mejor de los casos, resta en profundidad. Ram\u00edrez necesita un desatascador, adem\u00e1s Calero no atraviesa su mejor versi\u00f3n, y no lo tiene en el almac\u00e9n de los defensas. Existe una opci\u00f3n bastante razonable y fresca: utilizar a Adri\u00e1n Liso en ese espacio. El extremo, atorado en ataque en la mayor\u00eda de las ocasiones con este planteamiento que le desplaza de su ecosistema, podr\u00eda ejercer esa funci\u00f3n intermedia con solvencia. No tiene peores conceptos defensivos que Tasende, y protegido con tanta gente por detr\u00e1s podr\u00eda suponer un herramienta m\u00e1s que interesante por su velocidad arrolladora, desborde y enorme capacidad centradora. Sin contar con su disparo en las aproximaciones al \u00e1rea. A su favor tambi\u00e9n juegan su sacrificio, capacidad de lucha y la tenacidad y la fuerza que exigen la disciplina defensiva.<\/p>\n<p>Arriaga es un mediocentro de libro. Pero en este Real Zaragoza de cristal defensivo, su inteligencia en la lectura del juego y su cuerpo invitan a cederle un puesto entre los centrales. Lo m\u00e1s probable es que Ram\u00edrez le siga reclamando para momentos de urgencia, no para comenzar los encuentros. La vuelta de Llu\u00eds L\u00f3pez, sin ser una gran garant\u00eda, invita a no agitar la zaga m\u00e1s de lo necesario. El catal\u00e1n formar\u00eda junto a Vital y el entrenador tendr\u00eda que elegir entre Clemente si no lo mueve a la banda o Jair. El portugu\u00e9s est\u00e1 muy bajo de revoluciones, pero su dominio del juego a\u00e9reo todav\u00eda le da algunos galones. En cualquier caso, si por delante se apuesta por Arriaga, Guti y Bare, la doble capa de protecci\u00f3n minimizar\u00eda en teor\u00eda las llegadas del rival. El efecto mariposa de la alineaci\u00f3n de Albacete se localiza en ese lateral izquierdo. Arriba, habr\u00e1 que comprobar si Dani G\u00f3mez eleva el trabajo de Az\u00f3n como primer futbolista de presi\u00f3n, algo improbable, si mejora la capacidad rematadora del aragon\u00e9s y en qu\u00e9 medida se entender\u00e1 con Bazdar.<\/p>\n","protected":false},"excerpt":{"rendered":"<p>El entrenador tiene que inventarse un carrilero zurdo para sus cinco defensas y decidir qu\u00e9 papel le otorga a Arriaga, si de central o mediocentro, lo que afectar\u00e1 a la zaga o a una medular con Guti y Bare como fijos El &#8216;nuevo&#8217; Real Zaragoza, cuyo paso por el mercado <a class=\"read-more\" href=\"https:\/\/principesdeparis.es\/principes\/ramirez-y-el-efecto-mariposa-del-lateral-izquierdo\/\">Sigue leyendo<\/a><\/p>\n","protected":false},"author":2,"featured_media":17933,"comment_status":"open","ping_status":"open","sticky":false,"template":"","format":"standard","meta":{"footnotes":""},"categories":[13,1],"tags":[],"class_list":["post-17932","post","type-post","status-publish","format-standard","has-post-thumbnail","hentry","category-publicidad","category-real-zaragoza"],"_links":{"self":[{"href":"https:\/\/principesdeparis.es\/principes\/wp-json\/wp\/v2\/posts\/17932","targetHints":{"allow":["GET"]}}],"collection":[{"href":"https:\/\/principesdeparis.es\/principes\/wp-json\/wp\/v2\/posts"}],"about":[{"href":"https:\/\/principesdeparis.es\/principes\/wp-json\/wp\/v2\/types\/post"}],"author":[{"embeddable":true,"href":"https:\/\/principesdeparis.es\/principes\/wp-json\/wp\/v2\/users\/2"}],"replies":[{"embeddable":true,"href":"https:\/\/principesdeparis.es\/principes\/wp-json\/wp\/v2\/comments?post=17932"}],"version-history":[{"count":1,"href":"https:\/\/principesdeparis.es\/principes\/wp-json\/wp\/v2\/posts\/17932\/revisions"}],"predecessor-version":[{"id":17934,"href":"https:\/\/principesdeparis.es\/principes\/wp-json\/wp\/v2\/posts\/17932\/revisions\/17934"}],"wp:featuredmedia":[{"embeddable":true,"href":"https:\/\/principesdeparis.es\/principes\/wp-json\/wp\/v2\/media\/17933"}],"wp:attachment":[{"href":"https:\/\/principesdeparis.es\/principes\/wp-json\/wp\/v2\/media?parent=17932"}],"wp:term":[{"taxonomy":"category","embeddable":true,"href":"https:\/\/principesdeparis.es\/principes\/wp-json\/wp\/v2\/categories?post=17932"},{"taxonomy":"post_tag","embeddable":true,"href":"https:\/\/principesdeparis.es\/principes\/wp-json\/wp\/v2\/tags?post=17932"}],"curies":[{"name":"wp","href":"https:\/\/api.w.org\/{rel}","templated":true}]}}