{"id":17936,"date":"2025-02-05T13:26:11","date_gmt":"2025-02-05T13:26:11","guid":{"rendered":"https:\/\/principesdeparis.es\/principes\/?p=17936"},"modified":"2025-02-05T13:26:18","modified_gmt":"2025-02-05T13:26:18","slug":"cordero-valora-positivo-el-mercado-de-invierno","status":"publish","type":"post","link":"https:\/\/principesdeparis.es\/principes\/cordero-valora-positivo-el-mercado-de-invierno\/","title":{"rendered":"Cordero valora \u00abpositivo\u00bb el mercado de invierno"},"content":{"rendered":"<p style=\"text-align: center;\"><em><strong>El director deportivo reconoce que no pudo fichar el central que buscaba pero se siente satisfecho con los tres fichajes \u00abde aportaci\u00f3n inmediata y de primer nivel\u00bb<\/strong><\/em><\/p>\n<p><strong>Valoraci\u00f3n del mercado:<\/strong> \u00abPositiva. Hemos firmado tres jugadores de primer nivel. Dar\u00e1n rendimiento y adaptaci\u00f3n inmediatos. Se cumplen con esas premisas. La idea principal del cuerpo t\u00e9cnico es que nos ayuden desde el primer minuto. Nos hemos dejado una vacante que es la de central, pero no se pudo cerrar. En ese sentido s\u00ed que hay un debe. No se firm\u00f3 el acuerdo que ten\u00edamos el lunes. Pero tenemos a Arriaga alternado en ese puesto, adem\u00e1s de los cinco centrales m\u00e1s la pronta recuperaci\u00f3n Kosa y los chicos del filial. Es cierto que la primera idea fue traer ese jugador\u00bb.<\/p>\n<p><strong>El mercado del paro:<\/strong> \u00abSi un jugador no nos ofrece nivel y rendimiento inmediato, tenemos claro que no \u00edbamos a traerlo porque s\u00ed. En el paro no vemos a ese futbolista\u00bb.<\/p>\n<p><strong>La salida de Az\u00f3n:<\/strong> \u00abHemos tenido muchos llamadas y \u00e9l ten\u00eda la ilusi\u00f3n de jugar en la Seria A. Hasta el \u00faltimo segundo ha sido un profesional. Terminaba contrato y unido a la lesi\u00f3n hace que la operaci\u00f3n econ\u00f3mica se concretara. Con Mar\u00ed no perdemos otro delantero m\u00e1s lo que nos d\u00e9 Dani G\u00f3mez\u00bb.<\/p>\n<p><strong>Francho:<\/strong> \u00abNunca hemos dejado de hablar. Estamos cerca. El club le ofrece un contrato largo. Tiene todo para ser el futuro capit\u00e1n del Real Zaragoza. Faltan peque\u00f1os flecos, Sencillo no es y tiempo no nos ponemos. Para nosotros, sin embargo, es una prioridad\u00bb.<\/p>\n<p><strong>Arriaga y su polivalencia:<\/strong> \u00abKervin juega en las dos posiciones. Nos da esas opciones. Depender\u00e1 del m\u00edster. Lo de Guti nos va ayudar tambi\u00e9n\u00bb.<\/p>\n<p><strong>El dibujo del m\u00edster tras el mercado:<\/strong> \u00abEs un tema para el entrenador. Su idea es que el equipo tenga una identidad y desde que ha llegado se nota. Est\u00e1 dando forma a un sistema. Tres jornadas sin perder, una porter\u00eda a cero. Para engancharte arriba necesitas dos o tres victorias. Con los jugadores que tiene seguro que explota lo mejor del equipo\u00bb.<\/p>\n<p><strong>Trabajo de Ram\u00edrez:<\/strong> \u00abPor mi parte su metodolog\u00eda es positiva. Tuvimos un d\u00eda duro el en Elche aunque competimos de t\u00fa a t\u00fa y contra el Tenerife estuvimos a la altura, nos maniat\u00f3 bien. Ese d\u00eda estall\u00f3 la afici\u00f3n, pero en la segunda parte del C\u00e1diz vi que la gente quiere ayudar, que los jugadores est\u00e1n implicados. Pero el motor de un club son los jugadores\u00bb.<\/p>\n<p><strong>Su renovaci\u00f3n:<\/strong> \u00abAcaba de terminar el mercado. Escuchar\u00e9 y me sentar\u00e9. Hay confianza y margen. Si el club quiere, nos habr\u00e1 problema alguno\u00bb.<\/p>\n<p>&nbsp;<\/p>\n","protected":false},"excerpt":{"rendered":"<p>El director deportivo reconoce que no pudo fichar el central que buscaba pero se siente satisfecho con los tres fichajes \u00abde aportaci\u00f3n inmediata y de primer nivel\u00bb Valoraci\u00f3n del mercado: \u00abPositiva. Hemos firmado tres jugadores de primer nivel. Dar\u00e1n rendimiento y adaptaci\u00f3n inmediatos. Se cumplen con esas premisas. La idea <a class=\"read-more\" href=\"https:\/\/principesdeparis.es\/principes\/cordero-valora-positivo-el-mercado-de-invierno\/\">Sigue leyendo<\/a><\/p>\n","protected":false},"author":2,"featured_media":17937,"comment_status":"open","ping_status":"open","sticky":false,"template":"","format":"standard","meta":{"footnotes":""},"categories":[13,1],"tags":[],"class_list":["post-17936","post","type-post","status-publish","format-standard","has-post-thumbnail","hentry","category-publicidad","category-real-zaragoza"],"_links":{"self":[{"href":"https:\/\/principesdeparis.es\/principes\/wp-json\/wp\/v2\/posts\/17936","targetHints":{"allow":["GET"]}}],"collection":[{"href":"https:\/\/principesdeparis.es\/principes\/wp-json\/wp\/v2\/posts"}],"about":[{"href":"https:\/\/principesdeparis.es\/principes\/wp-json\/wp\/v2\/types\/post"}],"author":[{"embeddable":true,"href":"https:\/\/principesdeparis.es\/principes\/wp-json\/wp\/v2\/users\/2"}],"replies":[{"embeddable":true,"href":"https:\/\/principesdeparis.es\/principes\/wp-json\/wp\/v2\/comments?post=17936"}],"version-history":[{"count":1,"href":"https:\/\/principesdeparis.es\/principes\/wp-json\/wp\/v2\/posts\/17936\/revisions"}],"predecessor-version":[{"id":17938,"href":"https:\/\/principesdeparis.es\/principes\/wp-json\/wp\/v2\/posts\/17936\/revisions\/17938"}],"wp:featuredmedia":[{"embeddable":true,"href":"https:\/\/principesdeparis.es\/principes\/wp-json\/wp\/v2\/media\/17937"}],"wp:attachment":[{"href":"https:\/\/principesdeparis.es\/principes\/wp-json\/wp\/v2\/media?parent=17936"}],"wp:term":[{"taxonomy":"category","embeddable":true,"href":"https:\/\/principesdeparis.es\/principes\/wp-json\/wp\/v2\/categories?post=17936"},{"taxonomy":"post_tag","embeddable":true,"href":"https:\/\/principesdeparis.es\/principes\/wp-json\/wp\/v2\/tags?post=17936"}],"curies":[{"name":"wp","href":"https:\/\/api.w.org\/{rel}","templated":true}]}}