{"id":17939,"date":"2025-02-05T13:57:16","date_gmt":"2025-02-05T13:57:16","guid":{"rendered":"https:\/\/principesdeparis.es\/principes\/?p=17939"},"modified":"2025-02-05T13:57:16","modified_gmt":"2025-02-05T13:57:16","slug":"el-llamamiento-de-union-de-guti-y-el-carino-que-reclama-dani-gomez","status":"publish","type":"post","link":"https:\/\/principesdeparis.es\/principes\/el-llamamiento-de-union-de-guti-y-el-carino-que-reclama-dani-gomez\/","title":{"rendered":"El llamamiento de uni\u00f3n de Guti y el cari\u00f1o que reclama Dani G\u00f3mez"},"content":{"rendered":"<h3 style=\"text-align: center;\"><strong>Ra\u00fal Guti\u00a0<\/strong><\/h3>\n<p><strong>C\u00f3mo se gesta la operaci\u00f3n:<\/strong> \u00abEstoy muy feliz. Desde el primer minuto sab\u00eda que se iba a hacer ese esfuerzo. Fue todo a \u00faltima hora pero yo le ten\u00eda en la cabeza. Todo pasa por algo. He pasado una a\u00f1o muy duro y por fin lo bueno ha llegado\u00bb.<\/p>\n<p><strong>Nivel f\u00edsico:<\/strong> \u00abEstoy bastante bien. Es cierto que no he participado este mes y medio mucho. Jugu\u00e9 varios partidos de inicio pero hoy no tengo preocupaci\u00f3n alguna con la rodilla. Intentar\u00e9 ayudar al equipo\u00bb.<\/p>\n<p><strong>Volver<\/strong>: \u00abCuando te pasan estas cosas&#8230; Viv\u00ed lo peor del f\u00fatbol pero s\u00e9 que a las personas buenas les pasan cosas buenas. No quiero desaprovechar esta oportunidad. Quer\u00eda volver y el f\u00fatbol me deb\u00eda algo\u00bb.<\/p>\n<p><strong>Liderazgo:<\/strong> \u00abBueno, liderar es cosa de todos, un asunto del equipo Yo vengo a aportar y el equipo est\u00e1 capacitado para dar lo m\u00e1ximo y estar lo m\u00e1s arriba posible\u00bb.<\/p>\n<p><strong>C\u00f3mo ve al Real Zaragoza:<\/strong> \u00abVeo un gran equipo con muchas aspiraciones. Puede jugar a muchas cosas, pero me gastar\u00eda ser sincero como zaragocista y lo m\u00e1s importante ahora es la uni\u00f3n entre la afici\u00f3n y equipo porque ha habido momentos de tensi\u00f3n. Esa uni\u00f3n nos har\u00e1 m\u00e1s fuerte. Necesito verlo m\u00e1s porque est\u00e1 costando un poco. Todo el mundo quiere ese objetivo pero hay que ira paso a paso. Es un t\u00f3pico pero esta categor\u00eda es lo que es. Hay que ir con humildad. Para m\u00ed es importante llegar a este proyecto, donde voy a pasar mucho tiempo con humildad y los pies en el suelo. Vamos a ser ambiciosos\u00bb.<\/p>\n<h3 style=\"text-align: center;\">Dani G\u00f3mez<\/h3>\n<p><strong>C\u00f3mo se define:<\/strong> \u00abLlego a un gran club. Vamos a pasar mucho tiempo juntos. No he hablado con el m\u00edster, s\u00e9 lo que busca, que juega con dos delanteros. Tengo movilidad y llegada y busco mi mejor nivel. S\u00e9 que estoy en el lugar id\u00f3neo\u00bb<\/p>\n<p><strong>Qu\u00e9 busca:<\/strong> \u00abBuscaba cari\u00f1o deportivo, donde de verdad me quieran. Desde el primer momento mi predisposici\u00f3n fue buena. Se hizo dif\u00edcil pero al final se pudo hacer. Estoy donde quiero estar, que es lo m\u00e1s importante, que el jugador y el club estamos a muerte el uno con el otro\u00bb.<\/p>\n<p><strong>Por qu\u00e9 el Real Zaragoza:<\/strong> \u00abPara m\u00ed, en Primera los equipos de mitad de tabla para abajo no meten 25.000 personas en un estadio y en Segunda lo veo complicado. Quiero estar en un equipo grande y con historia y el Real Zaragoza lo es, como su afici\u00f3n. Estoy en un proyecto de futuro. Ojal\u00e1 que dentro de un mes hablemos de otras cosas importantes\u00bb.<\/p>\n<p><strong>Iv\u00e1n Az\u00f3n en el recuerdo:<\/strong> \u00abSe ha marchad un jugado importante y querido. Hay que agradecerle su compromiso. Ahora llego yo para dar el m\u00e1ximo. No es presi\u00f3n. Somos jugadores diferentes. Mi mentalidad es volver a mi mejor versi\u00f3n\u00bb:<\/p>\n<p>&nbsp;<\/p>\n<p>&nbsp;<\/p>\n","protected":false},"excerpt":{"rendered":"<p>Ra\u00fal Guti\u00a0 C\u00f3mo se gesta la operaci\u00f3n: \u00abEstoy muy feliz. Desde el primer minuto sab\u00eda que se iba a hacer ese esfuerzo. Fue todo a \u00faltima hora pero yo le ten\u00eda en la cabeza. Todo pasa por algo. He pasado una a\u00f1o muy duro y por fin lo bueno ha <a class=\"read-more\" href=\"https:\/\/principesdeparis.es\/principes\/el-llamamiento-de-union-de-guti-y-el-carino-que-reclama-dani-gomez\/\">Sigue leyendo<\/a><\/p>\n","protected":false},"author":2,"featured_media":17940,"comment_status":"open","ping_status":"open","sticky":false,"template":"","format":"standard","meta":{"footnotes":""},"categories":[13,1],"tags":[],"class_list":["post-17939","post","type-post","status-publish","format-standard","has-post-thumbnail","hentry","category-publicidad","category-real-zaragoza"],"_links":{"self":[{"href":"https:\/\/principesdeparis.es\/principes\/wp-json\/wp\/v2\/posts\/17939","targetHints":{"allow":["GET"]}}],"collection":[{"href":"https:\/\/principesdeparis.es\/principes\/wp-json\/wp\/v2\/posts"}],"about":[{"href":"https:\/\/principesdeparis.es\/principes\/wp-json\/wp\/v2\/types\/post"}],"author":[{"embeddable":true,"href":"https:\/\/principesdeparis.es\/principes\/wp-json\/wp\/v2\/users\/2"}],"replies":[{"embeddable":true,"href":"https:\/\/principesdeparis.es\/principes\/wp-json\/wp\/v2\/comments?post=17939"}],"version-history":[{"count":1,"href":"https:\/\/principesdeparis.es\/principes\/wp-json\/wp\/v2\/posts\/17939\/revisions"}],"predecessor-version":[{"id":17941,"href":"https:\/\/principesdeparis.es\/principes\/wp-json\/wp\/v2\/posts\/17939\/revisions\/17941"}],"wp:featuredmedia":[{"embeddable":true,"href":"https:\/\/principesdeparis.es\/principes\/wp-json\/wp\/v2\/media\/17940"}],"wp:attachment":[{"href":"https:\/\/principesdeparis.es\/principes\/wp-json\/wp\/v2\/media?parent=17939"}],"wp:term":[{"taxonomy":"category","embeddable":true,"href":"https:\/\/principesdeparis.es\/principes\/wp-json\/wp\/v2\/categories?post=17939"},{"taxonomy":"post_tag","embeddable":true,"href":"https:\/\/principesdeparis.es\/principes\/wp-json\/wp\/v2\/tags?post=17939"}],"curies":[{"name":"wp","href":"https:\/\/api.w.org\/{rel}","templated":true}]}}