{"id":17944,"date":"2025-02-06T10:09:13","date_gmt":"2025-02-06T10:09:13","guid":{"rendered":"https:\/\/principesdeparis.es\/principes\/?p=17944"},"modified":"2025-02-06T12:52:18","modified_gmt":"2025-02-06T12:52:18","slug":"bajo-una-nube-sentimental","status":"publish","type":"post","link":"https:\/\/principesdeparis.es\/principes\/bajo-una-nube-sentimental\/","title":{"rendered":"Bajo una nube sentimental"},"content":{"rendered":"<p>Son demasiadas las emociones a la que est\u00e1 expuesta la afici\u00f3n zaragocista en estas \u00faltimas semanas. Da la impresi\u00f3n que cualquier noticia negativa lleva ya impreso el consuelo a trav\u00e9s del sentimiento. Hac\u00eda tiempo que se pod\u00eda palpar que la continuidad de Iv\u00e1n Az\u00f3n estaba unida al \u00e9xito de los delanteros fichados por Juan Carlos Cordero. V\u00edctor Fern\u00e1ndez le utiliz\u00f3 siempre como revulsivo al no disponer de los elementos suficientes para aguantar los m\u00e1s de noventa minutos de juego cuando llegaron las lesiones en agosto y septiembre. Algo muy distinto es la manera de negociar con \u00e9l y el aluvi\u00f3n de rumores que se precipitaron hasta su salida en las \u00faltimas horas del cierre del mercado de invierno. La actitud ante el p\u00fablico y sobre el c\u00e9sped de Francho es tambi\u00e9n prudente y ejemplar porque cuando puede jugar se entrega en la titularidad o la suplencia en varias funciones sobre el campo. Marc Aguado no ten\u00eda opciones desde que lleg\u00f3 por su posici\u00f3n t\u00e1ctica incompatible con el f\u00fatbol de los tres \u00faltimos entrenadores del Real Zaragoza. Y el regreso de Ra\u00fal Guti creo que es tan necesario en el aspecto futbol\u00edstico como en el del reconocimiento de sus valores morales y emocionales. Eso s\u00ed, me da la impresi\u00f3n que el caso pod\u00eda haberse resuelto durante la pausa navide\u00f1a para una adaptaci\u00f3n m\u00e1s r\u00e1pida a la plantilla.\u00a0 El club ha dirigido la nube sentimental hacia ese lado para ocultar la salida de canteranos y la escasez de las llegadas solicitadas por V\u00edctor y MAR que ha quedado un poco al aire al sentir el escaso valor de sus propuestas.<\/p>\n<p>\u00bfQu\u00e9 ha ocurrido con Cristian \u00c1lvarez? \u00bfPor qu\u00e9 no jug\u00f3 el partido de Copa? \u00bfSe ha aprovechado la decepci\u00f3n de no haber llegado al\u00a0l\u00edmite salarial tan importante con el que se pod\u00eda haber fortalecido al equipo para buscar la promoci\u00f3n y llegar al coraz\u00f3n del zaragocismo? Creo en la honestidad del guardameta, en su total implicaci\u00f3n con el Real Zaragoza y en su liderazgo en el vestuario, as\u00ed como todas sus manifestaciones hacia el club, sus compa\u00f1eros y la gente. Una homenaje contra el Burgos cuando \u00e9l no puede jugar, un destino ofrecido ya ocupado por otra persona en la directiva y una despedida organizada el d\u00eda despu\u00e9s de renunciar a la lucha por los play off con un despliegue de la comunicaci\u00f3n del club realizando un documental digno de los premios Goya, es demasiada\u00a0casualidad.<\/p>\n<p>Ya nos van deslizando que 2027 ser\u00e1 el a\u00f1o, que deberemos asumir las dos temporadas del estadio desmontable, que para entonces ya se habr\u00e1n ocupado los cargos del organigrama expuesto por L\u00f3pez en la reuni\u00f3n exclusiva con los trescientos abonados zaragocistas, donde solamente faltaba Le\u00f3nidas al frente de los espartanos.<\/p>\n","protected":false},"excerpt":{"rendered":"<p>Son demasiadas las emociones a la que est\u00e1 expuesta la afici\u00f3n zaragocista en estas \u00faltimas semanas. Da la impresi\u00f3n que cualquier noticia negativa lleva ya impreso el consuelo a trav\u00e9s del sentimiento. Hac\u00eda tiempo que se pod\u00eda palpar que la continuidad de Iv\u00e1n Az\u00f3n estaba unida al \u00e9xito de los <a class=\"read-more\" href=\"https:\/\/principesdeparis.es\/principes\/bajo-una-nube-sentimental\/\">Sigue leyendo<\/a><\/p>\n","protected":false},"author":3,"featured_media":17581,"comment_status":"open","ping_status":"open","sticky":false,"template":"","format":"standard","meta":{"footnotes":""},"categories":[16,13],"tags":[],"class_list":["post-17944","post","type-post","status-publish","format-standard","has-post-thumbnail","hentry","category-el10","category-publicidad"],"_links":{"self":[{"href":"https:\/\/principesdeparis.es\/principes\/wp-json\/wp\/v2\/posts\/17944","targetHints":{"allow":["GET"]}}],"collection":[{"href":"https:\/\/principesdeparis.es\/principes\/wp-json\/wp\/v2\/posts"}],"about":[{"href":"https:\/\/principesdeparis.es\/principes\/wp-json\/wp\/v2\/types\/post"}],"author":[{"embeddable":true,"href":"https:\/\/principesdeparis.es\/principes\/wp-json\/wp\/v2\/users\/3"}],"replies":[{"embeddable":true,"href":"https:\/\/principesdeparis.es\/principes\/wp-json\/wp\/v2\/comments?post=17944"}],"version-history":[{"count":4,"href":"https:\/\/principesdeparis.es\/principes\/wp-json\/wp\/v2\/posts\/17944\/revisions"}],"predecessor-version":[{"id":17952,"href":"https:\/\/principesdeparis.es\/principes\/wp-json\/wp\/v2\/posts\/17944\/revisions\/17952"}],"wp:featuredmedia":[{"embeddable":true,"href":"https:\/\/principesdeparis.es\/principes\/wp-json\/wp\/v2\/media\/17581"}],"wp:attachment":[{"href":"https:\/\/principesdeparis.es\/principes\/wp-json\/wp\/v2\/media?parent=17944"}],"wp:term":[{"taxonomy":"category","embeddable":true,"href":"https:\/\/principesdeparis.es\/principes\/wp-json\/wp\/v2\/categories?post=17944"},{"taxonomy":"post_tag","embeddable":true,"href":"https:\/\/principesdeparis.es\/principes\/wp-json\/wp\/v2\/tags?post=17944"}],"curies":[{"name":"wp","href":"https:\/\/api.w.org\/{rel}","templated":true}]}}