{"id":17949,"date":"2025-02-06T12:44:13","date_gmt":"2025-02-06T12:44:13","guid":{"rendered":"https:\/\/principesdeparis.es\/principes\/?p=17949"},"modified":"2025-02-06T13:05:25","modified_gmt":"2025-02-06T13:05:25","slug":"ramirez-ha-quedado-una-plantilla-muy-bien-armada","status":"publish","type":"post","link":"https:\/\/principesdeparis.es\/principes\/ramirez-ha-quedado-una-plantilla-muy-bien-armada\/","title":{"rendered":"Ram\u00edrez: \u00abHa quedado una plantilla muy bien armada\u00bb"},"content":{"rendered":"<h3 style=\"text-align: center;\"><strong>Mensaje a Kirian, jugador del Las Palmas<\/strong><\/h3>\n<p><strong>Mandarle un abrazo enorme a Kirian<\/strong><strong>, que ha comunicado que vuelve a parar (se tiene que tratar de nuevo de c\u00e1ncer). Va a sentir nuestro cari\u00f1o, el del Real Zaragoza. Quer\u00eda darle un abrazo enorme porque este partido ya sabe c\u00f3mo jugarlo\u00bb.<\/strong><\/p>\n<p><strong>El mercado:<\/strong> \u00abLa valoraci\u00f3n es positiva. Hemos incorporado muy buenos jugadores con ese debe del central. Lo intentamos con buenas opciones. Lo que tenemos nos hace mejores y ahora es responsabilidad de todos el dar e mensaje de que esta plantilla est\u00e1 muy bien armada y muy completa\u00bb.<\/p>\n<p><strong>Qu\u00e9 espera de Guti y G\u00f3mez:<\/strong> \u00abEst\u00e1n para ser titulares porque ambos vienen de estar entren\u00e1ndose y pueden aportar desde ya. Nos dan experiencia porque conocen la categor\u00eda y en el caso de Guti sabe y siente el zaragocismo sobre todo cuando han salido futbolistas de la casa como Cristian, Az\u00f3n y Aguado que me han ayudado mucho en el poco tiempo que hemos coincidido\u00bb.<\/p>\n<p><strong>Guti:<\/strong> \u00abTiene much\u00edsimo f\u00fatbol en sus cabeza y en sus pies. T\u00e9cnicamente est\u00e1 muy bien dotado y un gran despliegue f\u00edsico. Nos da poder estar m\u00e1s cerca d todo lo que pase. Su recorrido y su f\u00fatbol nos va a ayudar mucho\u00bb.<\/p>\n<p><strong>Arriaga y sus posiciones:<\/strong> \u00abCunado lo trajimos contemplamos la opci\u00f3n de que pudiese jugar de mediocentro y central. Le vimos mucho y lo va a hacer bien d\u00f3nde le pidamos. Va a poder alternar cuando lo necesitemos incluso en el mismo encuentro\u00bb.<\/p>\n<p><strong>El lateral izquierdo:<\/strong> \u00abHay varias alternativas. Clemente lo puede hacer por fuera, Liso, Vallejo. Son opciones buenas. Si pongo a Liso busca un comportamiento y si pongo a Clemente, busca otras cosas. Vallejo est\u00e1 preparad\u00edsimo\u00bb.<\/p>\n<p><strong>Sistemas:<\/strong> \u00abTengo que ver las piezas y c\u00f3mo puedo potenciarles. Teniendo opciones nos va a poder posibilidades para cambiar el dibujo\u00bb.<\/p>\n<p><strong>Mejor fuera o en casa:<\/strong> \u00abNo tuve esa sensaci\u00f3n contra el C\u00e1diz, la verdad. Incluso en un tramo ante el Tenerife vi al equipo muy c\u00f3modo. No noto diferencias\u00bb.<\/p>\n<p><strong>Sober\u00f3n:<\/strong> \u00abTodav\u00eda no est\u00e1. Toca hacer un trabajo de readaptaci\u00f3n y acumular entrenamientos que puede ser lo que ocurri\u00f3 la vez anterior\u00bb.<\/p>\n<p><strong>Vencer por obligaci\u00f3n<\/strong>: \u00abEs un hecho, pero yo tengo la creencia de que cuento m\u00e1s piensas en el resultado m\u00e1s te alejas de \u00e9l y cuanto m\u00e1s piensas en lo que debes hacer para lograr ese resultado, m\u00e1s cerca estaremos. No nos tenemos que obsesionar con el resultado. Competir bien es la clave, eso s\u00ed es obligatorio\u00bb.<\/p>\n<p><strong>Pau Sans:<\/strong> \u00abLo puede hacer de inicio. Esta preparado para una cosa y la otra\u00bb.<\/p>\n<p><strong>Cambio en ataque:<\/strong> \u00abCon G\u00f3mez vamos a tener mucha profundidad y luego tenemos otros perfiles como el de Bazdar para venir a pedirla, aunque le estoy pidiendo tambi\u00e9n de que sea profundo. Debemos ser m\u00e1s completos\u00bb.<\/p>\n<blockquote class=\"twitter-tweet\">\n<p lang=\"es\" dir=\"ltr\">No est\u00e1s solo, Kirian <a href=\"https:\/\/t.co\/MmYljDnxCx\">pic.twitter.com\/MmYljDnxCx<\/a><\/p>\n<p>&mdash; Real Zaragoza (@RealZaragoza) <a href=\"https:\/\/twitter.com\/RealZaragoza\/status\/1887479491431178254?ref_src=twsrc%5Etfw\">February 6, 2025<\/a><\/p><\/blockquote>\n<p> <script async src=\"https:\/\/platform.twitter.com\/widgets.js\" charset=\"utf-8\"><\/script><\/p>\n","protected":false},"excerpt":{"rendered":"<p>Mensaje a Kirian, jugador del Las Palmas Mandarle un abrazo enorme a Kirian, que ha comunicado que vuelve a parar (se tiene que tratar de nuevo de c\u00e1ncer). Va a sentir nuestro cari\u00f1o, el del Real Zaragoza. Quer\u00eda darle un abrazo enorme porque este partido ya sabe c\u00f3mo jugarlo\u00bb. El <a class=\"read-more\" href=\"https:\/\/principesdeparis.es\/principes\/ramirez-ha-quedado-una-plantilla-muy-bien-armada\/\">Sigue leyendo<\/a><\/p>\n","protected":false},"author":2,"featured_media":17950,"comment_status":"open","ping_status":"open","sticky":false,"template":"","format":"standard","meta":{"footnotes":""},"categories":[13,1],"tags":[],"class_list":["post-17949","post","type-post","status-publish","format-standard","has-post-thumbnail","hentry","category-publicidad","category-real-zaragoza"],"_links":{"self":[{"href":"https:\/\/principesdeparis.es\/principes\/wp-json\/wp\/v2\/posts\/17949","targetHints":{"allow":["GET"]}}],"collection":[{"href":"https:\/\/principesdeparis.es\/principes\/wp-json\/wp\/v2\/posts"}],"about":[{"href":"https:\/\/principesdeparis.es\/principes\/wp-json\/wp\/v2\/types\/post"}],"author":[{"embeddable":true,"href":"https:\/\/principesdeparis.es\/principes\/wp-json\/wp\/v2\/users\/2"}],"replies":[{"embeddable":true,"href":"https:\/\/principesdeparis.es\/principes\/wp-json\/wp\/v2\/comments?post=17949"}],"version-history":[{"count":3,"href":"https:\/\/principesdeparis.es\/principes\/wp-json\/wp\/v2\/posts\/17949\/revisions"}],"predecessor-version":[{"id":17954,"href":"https:\/\/principesdeparis.es\/principes\/wp-json\/wp\/v2\/posts\/17949\/revisions\/17954"}],"wp:featuredmedia":[{"embeddable":true,"href":"https:\/\/principesdeparis.es\/principes\/wp-json\/wp\/v2\/media\/17950"}],"wp:attachment":[{"href":"https:\/\/principesdeparis.es\/principes\/wp-json\/wp\/v2\/media?parent=17949"}],"wp:term":[{"taxonomy":"category","embeddable":true,"href":"https:\/\/principesdeparis.es\/principes\/wp-json\/wp\/v2\/categories?post=17949"},{"taxonomy":"post_tag","embeddable":true,"href":"https:\/\/principesdeparis.es\/principes\/wp-json\/wp\/v2\/tags?post=17949"}],"curies":[{"name":"wp","href":"https:\/\/api.w.org\/{rel}","templated":true}]}}