{"id":17969,"date":"2025-02-07T18:27:30","date_gmt":"2025-02-07T18:27:30","guid":{"rendered":"https:\/\/principesdeparis.es\/principes\/?p=17969"},"modified":"2025-02-07T18:57:17","modified_gmt":"2025-02-07T18:57:17","slug":"liso-de-carrilero-francho-por-bare-y-pau-sans-junto-a-bazdar-y-debuta-dani-gomez","status":"publish","type":"post","link":"https:\/\/principesdeparis.es\/principes\/liso-de-carrilero-francho-por-bare-y-pau-sans-junto-a-bazdar-y-debuta-dani-gomez\/","title":{"rendered":"Liso de carrilero, Francho por Bare y Pau Sans junto a Bazdar"},"content":{"rendered":"<p>Miguel \u00c1ngel Ram\u00edrez ha agitado el \u00e1rbol de manera considerable en la estrategia para el partido frente al Albacete. Las novedades con respecto a la cita ante el C\u00e1diz son tres, pero de un significado profundo y una de ellas forzada. El regreso de Llu\u00eds L\u00f3pez en la l\u00ednea de tres centrales deja fuera a Jair, pero el otro par de variantes implican movimientos y decisiones importantes. Francho sale por Bare, que se ha quedado fuera de la citaci\u00f3n por molestias en el s\u00f3leo, junto a Arriaga y Toni Moya y el t\u00e9cnico entrega la titularidad a Pau Sans, quien se junta a Bazdar en ataque. Liso contin\u00faa en el equipo, pero esta vez con la responsabilidad de hacerse cargo de toda la banda. Ra\u00fal Guti y Dani G\u00f3mez, dos de los tres fichajes del mercado de invierno, esperar\u00e1n su oportunidad en el banquillo del Carlos Belmonte.<\/p>\n<p>La ausencia de Dani Tasende por sanci\u00f3n y la de Luna por lesi\u00f3n obligaba a que Calero se mantuviera como lateral derecho y en la izquierda de la defensa de cinco se abriera un espacio para varios aspirantes. Miguel \u00c1ngel Ram\u00edrez se ha decantado por entregarle esa funci\u00f3n a Adri\u00e1n Liso en lo que supone una atractiva alternativa para un extremo que en este sistema de alta seguridad deber\u00eda adaptase sin problemas al recorrido de ida y vuelta.<\/p>\n<p>Pau Sans contar\u00e1 con\u00a0 su tercera oportunidad desde el principio despu\u00e9s de lo hiciera en Anduva,\u00a0 donde fue relevado tras la primera parte, y ante el M\u00e1laga en La Romarada. El futbolista ha sido utilizado como revulsivo la mayor parte de la veces con \u00e9xito o participaci\u00f3n directa en victorias como las de Cartagena (1-2) y contra el M\u00e1laga en La Rosaleda (1-2). En el triunfo sobre el Racing de Ferrol ofreci\u00f3 la asistencia a Aketxe que supuso el \u00fanico tanto y la suma de los tres puntos. Como agitador ha\u00a0 jugado en la mayor\u00eda de las ocasiones un papel principal que hoy deber\u00e1 asumir como protagonista junto a Bazdar en un frente de ataque in\u00e9dito.<\/p>\n<blockquote class=\"twitter-tweet\">\n<p dir=\"ltr\" lang=\"es\">\u2694\ufe0f Nuestro en el Carlos Belmonte <a href=\"https:\/\/t.co\/9SKXxH5ltz\">pic.twitter.com\/9SKXxH5ltz<\/a><\/p>\n<p>\u2014 Real Zaragoza (@RealZaragoza) <a href=\"https:\/\/twitter.com\/RealZaragoza\/status\/1887928424351641797?ref_src=twsrc%5Etfw\">February 7, 2025<\/a><\/p><\/blockquote>\n<p><script async src=\"https:\/\/platform.twitter.com\/widgets.js\" charset=\"utf-8\"><\/script><\/p>\n<p>La alineaci\u00f3n del Albacete<\/p>\n<blockquote class=\"twitter-tweet\">\n<p dir=\"ltr\" lang=\"es\">XI <a href=\"https:\/\/t.co\/fp3PV7mO1F\">pic.twitter.com\/fp3PV7mO1F<\/a><\/p>\n<p>\u2014 Albacete Balompi\u00e9 (@AlbaceteBPSAD) <a href=\"https:\/\/twitter.com\/AlbaceteBPSAD\/status\/1887930755780628563?ref_src=twsrc%5Etfw\">February 7, 2025<\/a><\/p><\/blockquote>\n<p><script async src=\"https:\/\/platform.twitter.com\/widgets.js\" charset=\"utf-8\"><\/script><\/p>\n","protected":false},"excerpt":{"rendered":"<p>Miguel \u00c1ngel Ram\u00edrez ha agitado el \u00e1rbol de manera considerable en la estrategia para el partido frente al Albacete. Las novedades con respecto a la cita ante el C\u00e1diz son tres, pero de un significado profundo y una de ellas forzada. El regreso de Llu\u00eds L\u00f3pez en la l\u00ednea de <a class=\"read-more\" href=\"https:\/\/principesdeparis.es\/principes\/liso-de-carrilero-francho-por-bare-y-pau-sans-junto-a-bazdar-y-debuta-dani-gomez\/\">Sigue leyendo<\/a><\/p>\n","protected":false},"author":2,"featured_media":17970,"comment_status":"open","ping_status":"open","sticky":false,"template":"","format":"standard","meta":{"footnotes":""},"categories":[13,1],"tags":[],"class_list":["post-17969","post","type-post","status-publish","format-standard","has-post-thumbnail","hentry","category-publicidad","category-real-zaragoza"],"_links":{"self":[{"href":"https:\/\/principesdeparis.es\/principes\/wp-json\/wp\/v2\/posts\/17969","targetHints":{"allow":["GET"]}}],"collection":[{"href":"https:\/\/principesdeparis.es\/principes\/wp-json\/wp\/v2\/posts"}],"about":[{"href":"https:\/\/principesdeparis.es\/principes\/wp-json\/wp\/v2\/types\/post"}],"author":[{"embeddable":true,"href":"https:\/\/principesdeparis.es\/principes\/wp-json\/wp\/v2\/users\/2"}],"replies":[{"embeddable":true,"href":"https:\/\/principesdeparis.es\/principes\/wp-json\/wp\/v2\/comments?post=17969"}],"version-history":[{"count":12,"href":"https:\/\/principesdeparis.es\/principes\/wp-json\/wp\/v2\/posts\/17969\/revisions"}],"predecessor-version":[{"id":17983,"href":"https:\/\/principesdeparis.es\/principes\/wp-json\/wp\/v2\/posts\/17969\/revisions\/17983"}],"wp:featuredmedia":[{"embeddable":true,"href":"https:\/\/principesdeparis.es\/principes\/wp-json\/wp\/v2\/media\/17970"}],"wp:attachment":[{"href":"https:\/\/principesdeparis.es\/principes\/wp-json\/wp\/v2\/media?parent=17969"}],"wp:term":[{"taxonomy":"category","embeddable":true,"href":"https:\/\/principesdeparis.es\/principes\/wp-json\/wp\/v2\/categories?post=17969"},{"taxonomy":"post_tag","embeddable":true,"href":"https:\/\/principesdeparis.es\/principes\/wp-json\/wp\/v2\/tags?post=17969"}],"curies":[{"name":"wp","href":"https:\/\/api.w.org\/{rel}","templated":true}]}}