{"id":18011,"date":"2025-02-10T10:05:16","date_gmt":"2025-02-10T10:05:16","guid":{"rendered":"https:\/\/principesdeparis.es\/principes\/?p=18011"},"modified":"2025-02-10T10:45:05","modified_gmt":"2025-02-10T10:45:05","slug":"guti-sufre-una-lesion-en-el-isquio","status":"publish","type":"post","link":"https:\/\/principesdeparis.es\/principes\/guti-sufre-una-lesion-en-el-isquio\/","title":{"rendered":"Guti sufre una lesi\u00f3n en el isquio y estar\u00e1 tres semanas de baja"},"content":{"rendered":"<p>Ra\u00fal Guti sufre una lesi\u00f3n a nivel del m\u00fasculo semitendinoso, que forma parte de los tres isquiotibiales, una dolencia que se le ha detectado tras someter al jugador a a pruebas radiol\u00f3gicas. La duraci\u00f3n de la baja est\u00e1 pendiente de evoluci\u00f3n, pero no ser\u00e1 menos de una jornada, por lo que se perder\u00e1 como m\u00ednimo los choques ante el Burgos, Granada y Sporting. El centrocampista not\u00f3 molestias en la musculatura isquiotibial de su muslo derecho a la finalizaci\u00f3n del entrenamiento del pasado jueves previo al desplazamiento a Albacete, y aunque fue incluido en la citaci\u00f3n para ese encuentro y viaj\u00f3 con el resto de la expedici\u00f3n en autob\u00fas, Miguel \u00c1ngel Ram\u00edrez no le utiliz\u00f3 en todo el partido por precauci\u00f3n. A\u00fan resta por conocerse el estado f\u00edsico de Keidi Bare, quien tampoco particip\u00f3 en el Carlos Belmonte por unas molestias en el gemelo.<\/p>\n<p>&nbsp;<\/p>\n","protected":false},"excerpt":{"rendered":"<p>Ra\u00fal Guti sufre una lesi\u00f3n a nivel del m\u00fasculo semitendinoso, que forma parte de los tres isquiotibiales, una dolencia que se le ha detectado tras someter al jugador a a pruebas radiol\u00f3gicas. La duraci\u00f3n de la baja est\u00e1 pendiente de evoluci\u00f3n, pero no ser\u00e1 menos de una jornada, por lo <a class=\"read-more\" href=\"https:\/\/principesdeparis.es\/principes\/guti-sufre-una-lesion-en-el-isquio\/\">Sigue leyendo<\/a><\/p>\n","protected":false},"author":2,"featured_media":18012,"comment_status":"open","ping_status":"open","sticky":false,"template":"","format":"standard","meta":{"footnotes":""},"categories":[13,1],"tags":[],"class_list":["post-18011","post","type-post","status-publish","format-standard","has-post-thumbnail","hentry","category-publicidad","category-real-zaragoza"],"_links":{"self":[{"href":"https:\/\/principesdeparis.es\/principes\/wp-json\/wp\/v2\/posts\/18011","targetHints":{"allow":["GET"]}}],"collection":[{"href":"https:\/\/principesdeparis.es\/principes\/wp-json\/wp\/v2\/posts"}],"about":[{"href":"https:\/\/principesdeparis.es\/principes\/wp-json\/wp\/v2\/types\/post"}],"author":[{"embeddable":true,"href":"https:\/\/principesdeparis.es\/principes\/wp-json\/wp\/v2\/users\/2"}],"replies":[{"embeddable":true,"href":"https:\/\/principesdeparis.es\/principes\/wp-json\/wp\/v2\/comments?post=18011"}],"version-history":[{"count":7,"href":"https:\/\/principesdeparis.es\/principes\/wp-json\/wp\/v2\/posts\/18011\/revisions"}],"predecessor-version":[{"id":18019,"href":"https:\/\/principesdeparis.es\/principes\/wp-json\/wp\/v2\/posts\/18011\/revisions\/18019"}],"wp:featuredmedia":[{"embeddable":true,"href":"https:\/\/principesdeparis.es\/principes\/wp-json\/wp\/v2\/media\/18012"}],"wp:attachment":[{"href":"https:\/\/principesdeparis.es\/principes\/wp-json\/wp\/v2\/media?parent=18011"}],"wp:term":[{"taxonomy":"category","embeddable":true,"href":"https:\/\/principesdeparis.es\/principes\/wp-json\/wp\/v2\/categories?post=18011"},{"taxonomy":"post_tag","embeddable":true,"href":"https:\/\/principesdeparis.es\/principes\/wp-json\/wp\/v2\/tags?post=18011"}],"curies":[{"name":"wp","href":"https:\/\/api.w.org\/{rel}","templated":true}]}}