{"id":18020,"date":"2025-02-10T11:52:25","date_gmt":"2025-02-10T11:52:25","guid":{"rendered":"https:\/\/principesdeparis.es\/principes\/?p=18020"},"modified":"2025-02-10T12:02:03","modified_gmt":"2025-02-10T12:02:03","slug":"para-que-viajaron-guti-y-keidi-bare","status":"publish","type":"post","link":"https:\/\/principesdeparis.es\/principes\/para-que-viajaron-guti-y-keidi-bare\/","title":{"rendered":"\u00bfPara qu\u00e9 viajaron Guti y Keidi Bare?"},"content":{"rendered":"<p style=\"text-align: center;\"><strong>Los dos futbolistas, con molestias de alcance antes del partido, fueron inexplicablemente incluidos en la citaci\u00f3n para no jugar y el Real Zaragoza pierde a un par de piezas clave en la medular<\/strong><\/p>\n<p>El amateurismo del Real Zaragoza al que se refer\u00eda Miguel \u00c1ngel Ram\u00edrez y al que, por lo visto, tambi\u00e9n pertenece el entrenador canario, se ha manifestado una vez m\u00e1s en una de las \u00e1reas del club m\u00e1s cuestionadas a nivel externo e interno desde hace temporadas, la del cuerpo m\u00e9dico. El responsable de estos servicios, el doctor Ireneo de los M\u00e1rtires, conocedor de las dolencias de ambos jugadores y con el benepl\u00e1cito del t\u00e9cnico, dio el visto bueno para que ambos fueran incluidos en la convocatoria para el encuentro del pasado viernes en el Carlos Belmonte. El viaje, adem\u00e1s, se realiz\u00f3 en autob\u00fas, lo que en ning\u00fan caso beneficia a un jugador que manifiesta molestias musculares. El alban\u00e9s se cay\u00f3 al final de la citaci\u00f3n y el aragon\u00e9s estuvo en el banquillo sin llegar a entrar en el campo.<\/p>\n<p>El diagn\u00f3stico de Ra\u00fal Guti, presentado el mi\u00e9rcoles anterior junto a Dani G\u00f3mez como refuerzos de la ventana de invierno, es de una lesi\u00f3n a nivel del m\u00fasculo semitendinoso. Hoy se le han realizado las pruebas radiol\u00f3gicas sin que se haya hecho p\u00fablico el grado de esa dolencia. En cualquier caso, lo m\u00e1s probable es que el centrocampista se pierda de tres a cuatro partidos, lo que supone un duro golpe para el equipo y cuestiona una vez m\u00e1s la cualificaci\u00f3n profesional del m\u00e9dico al haber permitido que el futbolista se desplazara al Carlos Belmonte, responsabilidad que tambi\u00e9n pertenece a Ram\u00edrez. Con Keidi Bare, que tiene un problema en el s\u00f3leo pendiente de evaluaci\u00f3n y localizado antes del encuentro del viernes, se decidi\u00f3 que se subiera al autocar, para despu\u00e9s dejarle fuera de la lista de convocados.<\/p>\n<p>El Real Zaragoza, incompleto despu\u00e9s de la ventana de enero, hab\u00eda logrado un importante blindaje al menos en el centro del campo con los fichajes de Arriaga y Guti, que se un\u00edan a Bare para formar una medular de muchas garant\u00edas competitivas. A la espera de los resultados del alban\u00e9s, el hondure\u00f1o, utilizado de central al \u00faltima jornada, puede quedarse sin dos de los compa\u00f1eros que parec\u00edan fijos a su lado para el resto de la competici\u00f3n. Nadie ha explicado el porqu\u00e9 se consinti\u00f3 que sumaran a la expedici\u00f3n frente a la certeza de que sus opciones de participar contra el Albacete eran nulas. Tampoco lo ha hecho Ram\u00edrez, a quien la modernidad parece que le alcanza para unas cosas y no tanto para otras como la de proteger a piezas de la plantilla con visibles problemas f\u00edsicos.<\/p>\n","protected":false},"excerpt":{"rendered":"<p>Los dos futbolistas, con molestias de alcance antes del partido, fueron inexplicablemente incluidos en la citaci\u00f3n para no jugar y el Real Zaragoza pierde a un par de piezas clave en la medular El amateurismo del Real Zaragoza al que se refer\u00eda Miguel \u00c1ngel Ram\u00edrez y al que, por lo <a class=\"read-more\" href=\"https:\/\/principesdeparis.es\/principes\/para-que-viajaron-guti-y-keidi-bare\/\">Sigue leyendo<\/a><\/p>\n","protected":false},"author":2,"featured_media":18022,"comment_status":"open","ping_status":"open","sticky":false,"template":"","format":"standard","meta":{"footnotes":""},"categories":[13,1],"tags":[],"class_list":["post-18020","post","type-post","status-publish","format-standard","has-post-thumbnail","hentry","category-publicidad","category-real-zaragoza"],"_links":{"self":[{"href":"https:\/\/principesdeparis.es\/principes\/wp-json\/wp\/v2\/posts\/18020","targetHints":{"allow":["GET"]}}],"collection":[{"href":"https:\/\/principesdeparis.es\/principes\/wp-json\/wp\/v2\/posts"}],"about":[{"href":"https:\/\/principesdeparis.es\/principes\/wp-json\/wp\/v2\/types\/post"}],"author":[{"embeddable":true,"href":"https:\/\/principesdeparis.es\/principes\/wp-json\/wp\/v2\/users\/2"}],"replies":[{"embeddable":true,"href":"https:\/\/principesdeparis.es\/principes\/wp-json\/wp\/v2\/comments?post=18020"}],"version-history":[{"count":3,"href":"https:\/\/principesdeparis.es\/principes\/wp-json\/wp\/v2\/posts\/18020\/revisions"}],"predecessor-version":[{"id":18024,"href":"https:\/\/principesdeparis.es\/principes\/wp-json\/wp\/v2\/posts\/18020\/revisions\/18024"}],"wp:featuredmedia":[{"embeddable":true,"href":"https:\/\/principesdeparis.es\/principes\/wp-json\/wp\/v2\/media\/18022"}],"wp:attachment":[{"href":"https:\/\/principesdeparis.es\/principes\/wp-json\/wp\/v2\/media?parent=18020"}],"wp:term":[{"taxonomy":"category","embeddable":true,"href":"https:\/\/principesdeparis.es\/principes\/wp-json\/wp\/v2\/categories?post=18020"},{"taxonomy":"post_tag","embeddable":true,"href":"https:\/\/principesdeparis.es\/principes\/wp-json\/wp\/v2\/tags?post=18020"}],"curies":[{"name":"wp","href":"https:\/\/api.w.org\/{rel}","templated":true}]}}