{"id":18028,"date":"2025-02-11T11:48:18","date_gmt":"2025-02-11T11:48:18","guid":{"rendered":"https:\/\/principesdeparis.es\/principes\/?p=18028"},"modified":"2025-03-12T13:15:45","modified_gmt":"2025-03-12T13:15:45","slug":"real-zaragoza-el-paraiso-de-las-lesiones","status":"publish","type":"post","link":"https:\/\/principesdeparis.es\/principes\/real-zaragoza-el-paraiso-de-las-lesiones\/","title":{"rendered":"Real Zaragoza, el para\u00edso de las lesiones"},"content":{"rendered":"<p style=\"text-align: center;\"><em><strong>En a\u00f1o y medio, la plantilla ha sufrido 49 percances f\u00edsicos, hoy la de Toni Moya, 19 en la actual con las dolencias musculares como protagonistas<\/strong><\/em><\/p>\n<p>Por mucho que el club intente minimizar o normalizar el tr\u00e1fico inusual que se est\u00e1 produciendo en su enfermer\u00eda, la realidad dice algo bien distinto. La temporada pasada se produjeron nada menos que 30 lesiones en el primer equipo, del que s\u00f3lo quedaron ilesos Jaume Grau, Sergi Enrich, Jair y Franc\u00e9s, con ausencias tan significativas por su gravedad como las de Nieto, Borge, Guti y Francho. En la actual temporada, por las manos del cuerpo m\u00e9dico han pasado ya 15 futbolistas, algunos en dos ocasiones, lo que eleva a 19 las bajas por motivos f\u00edsicos con la reciente de Toni Moya, el m\u00e1ximo asistente del equipo (5), diagnosticado hoy mismo con una lesi\u00f3n muscular en el b\u00edceps femoral. En resumen, en a\u00f1o y medio, el Real Zaragoza ha sufrido 49 percances, con las dolencias musculares como grandes protagonistas de esta epidemia que se escapa a cualquier previsi\u00f3n y sobre la que nadie encuentra ni ofrece explicaciones. El doctor Ireneo de los M\u00e1rtires mantiene mientras tanto un perfil bajo, consciente de que en al menos dos ocasiones los futbolistas han pedido explicaciones y han mostrado su descontento a la directiva sobre su labor y la de su equipo de trabajo.<\/p>\n<p>Fernando L\u00f3pez, el director general, ha sido el \u00fanico que ha tratado el tema al solicitar al t\u00e9rmino de la primera vuelta, en el mes de diciembre, un informe a Juan Carlos Cordero sobre el volumen y las causas de las lesiones de este curso. \u00abEsta temporada tenemos un 12% menos de lesionados que la pasada y un 33% menos de lesiones musculares, que fueron las principales el \u00faltimo a\u00f1o. Con respecto al resto, estamos en un volumen de 14 lesionados y la media de la categor\u00eda es 14,3, es decir estamos por debajo\u00bb. Un mes despu\u00e9s, se le han disparo esas cifras con los contratiempos de Marcos Luna, Iv\u00e1n Az\u00f3n, Carlos Nieto, Guti, Keidi Bare, pendiente de que el alban\u00e9s, con molestias en el s\u00f3leo, pueda estar o no en el pr\u00f3ximo partido ante el Burgos, y Toni Moya. El ex del Espanyol ha estado fuera siete encuentros por problemas en el isquiosural derecho y en la rodilla. Ahora son los gemelos los que le castigan, sac\u00e1ndole de la citaci\u00f3n de Albacete a \u00faltima hora, a donde hab\u00eda viajado con el resto de la expedici\u00f3n.<\/p>\n<p>La traca de lesionados de esta campa\u00f1a comenz\u00f3 por Joan Femen\u00edas, quien el debut en C\u00e1diz, a los 60 minutos de juego, sufri\u00f3 una lesi\u00f3n muscular a nivel del aductor largo de la pierna derecha. Una rotura en el cu\u00e1driceps dej\u00f3 KO a Aketxe fuera de combate y un esguince en el ligamento deltoideo del tobillo izquierdo de Adu Ares no impidi\u00f3 sin embargo que el vasco pudiera seguir compitiendo. Contra el Elche en La Romareda, Bare fue v\u00edctima de su primer da\u00f1o de alcance. Jair el central recibi\u00f3 un balonazo en el ojo que le produjo una uveitis traum\u00e1tica, situaci\u00f3n que vivi\u00f3 tambi\u00e9n Cristian por otro pelotazo en el ojo que en este caso se tradujo en un fuerte traumatismo. Dani Tasende tuvo que abandonar la primera parte del encuentro frente al Almer\u00eda y las pruebas le detectaron una rotura fibrilar grado I en el s\u00f3leo de su pierna izquierda. Bazdar cay\u00f3 como consecuencia de una rotura en la musculatura isquiotibial de su pierna izquierda en el partido ante el Albacete; Kosa se le fractur\u00f3 el maleolo peroneal de su tobillo izquierdo en la cita de Copa ante el L&#8217;Hospitalet; Bare acab\u00f3 ante el Castell\u00f3n con molestias en la rodilla, lo que le dej\u00f3 fuera ante el Granada, el Huesca y el M\u00e1laga; Francho se quebr\u00f3 en el minuto 21 contra el Racing de Ferrol, con un parte m\u00e9dico que tarde diez d\u00edas en ver la luz y que inform\u00f3 sobre una rotura fibrilar en el isquio de su pierna derecha.<\/p>\n<p>La en\u00e9sima lesi\u00f3n de Cristian, esta vez en el s\u00f3leo, empuj\u00f3 a que el guardameta diera por finalizad su carrera deportiva y se integra en el club como Relaciones Institucionales; un desgarro en el s\u00f3leo de Iv\u00e1n Az\u00f3n hizo que estuviera a punto de abortarse su traspaso al Como, negociaci\u00f3n que finalmente se cerr\u00f3; un fuerte pisot\u00f3n en el pie derecho en el entrenamiento del lunes le provoc\u00f3 una fractura en un dedo del pie a Carlos Nieto; Marcos Luna tuvo que parar por una rotura fibrilar en el s\u00f3leo de la pierna izquierda y Ra\u00fal Guti, uno de los tres fichajes de la ventana invernal, se sent\u00f3 en el banquillo del Carlos Belmonte horas antes de que se le detectara una dolencia en el m\u00fasculo semitendinoso.<\/p>\n<p>El caso Mario Sober\u00f3n ha sido el m\u00e1s llamativo por su duraci\u00f3n, la reca\u00edda y una gesti\u00f3n demencial de sus problemas f\u00edsicos, lleg\u00e1ndose a cuestionar incluso que el futbolista estuviera quej\u00e1ndose m\u00e1s de la cuenta. Siendo el Pichichi del equipo con seis goles, una microrrotura a nivel de la musculatura isquiotibial en su pierna izquierda, producto de unas molestias que arrastraba y que puso en conocimiento de los servicios m\u00e9dicos sin que estos lo tuvieran en cuenta, fue el principio del calvario del punta. El jugador fue forzado y se rompi\u00f3 en el descanso ante el Tenerife. La cadena no par\u00f3: sufri\u00f3 una nueva rotura, esta en el gemelo. Lleg\u00f3 a calentar en la eliminatoria de Copa ante el Granada pero se descart\u00f3 la no verse al cien por cien. En Ipurua sali\u00f3 por Clemente en el 69 y en un golpeo minutos despu\u00e9s not\u00f3 molestias en el cu\u00e1driceps, termin\u00f3 el partido y las pruebas revelaron que ten\u00eda una rotura en el recto anterior derecho.<\/p>\n<p>La musculatura de los futbolistas ha sido la m\u00e1s afectada con diferencia, la zona donde mayor es la responsabilidad de los servicios m\u00e9dicos y readaptadores (Andr\u00e9s Ubieto). Menos posibilidades de prevenci\u00f3n, aunque con matices si no existe el adecuado diagn\u00f3stico, se tiene en las lesiones articulares. El Real Zaragoza est\u00e1 siendo el desgraciado para\u00edso de todo tipo de penalidades f\u00edsicas sin que se haya hecho una valoraci\u00f3n p\u00fablica de las causas de esta plaga y los graves perjuicios deportivos que han supuesto para el equipo, mermado durante todo el ejercicio por lo que sin duda puede calificarse de mala praxis por parte del equipo que dirige Irineo de los M\u00e1rtires. 49 lesiones en a\u00f1o y medio no s\u00f3lo cuestionan sus funciones, sino que trituran su credibilidad para seguir al frente del cuidado del patrimonio deportivo del club.<\/p>\n<blockquote class=\"twitter-tweet\">\n<p dir=\"ltr\" lang=\"es\">Parte m\u00e9dico | Toni Moya<\/p>\n<p>\u2014 Real Zaragoza (@RealZaragoza) <a href=\"https:\/\/twitter.com\/RealZaragoza\/status\/1889292336653611267?ref_src=twsrc%5Etfw\">February 11, 2025<\/a><\/p><\/blockquote>\n<p><script async src=\"https:\/\/platform.twitter.com\/widgets.js\" charset=\"utf-8\"><\/script><\/p>\n","protected":false},"excerpt":{"rendered":"<p>En a\u00f1o y medio, la plantilla ha sufrido 49 percances f\u00edsicos, hoy la de Toni Moya, 19 en la actual con las dolencias musculares como protagonistas Por mucho que el club intente minimizar o normalizar el tr\u00e1fico inusual que se est\u00e1 produciendo en su enfermer\u00eda, la realidad dice algo bien <a class=\"read-more\" href=\"https:\/\/principesdeparis.es\/principes\/real-zaragoza-el-paraiso-de-las-lesiones\/\">Sigue leyendo<\/a><\/p>\n","protected":false},"author":2,"featured_media":18029,"comment_status":"open","ping_status":"open","sticky":false,"template":"","format":"standard","meta":{"footnotes":""},"categories":[13,1],"tags":[],"class_list":["post-18028","post","type-post","status-publish","format-standard","has-post-thumbnail","hentry","category-publicidad","category-real-zaragoza"],"_links":{"self":[{"href":"https:\/\/principesdeparis.es\/principes\/wp-json\/wp\/v2\/posts\/18028","targetHints":{"allow":["GET"]}}],"collection":[{"href":"https:\/\/principesdeparis.es\/principes\/wp-json\/wp\/v2\/posts"}],"about":[{"href":"https:\/\/principesdeparis.es\/principes\/wp-json\/wp\/v2\/types\/post"}],"author":[{"embeddable":true,"href":"https:\/\/principesdeparis.es\/principes\/wp-json\/wp\/v2\/users\/2"}],"replies":[{"embeddable":true,"href":"https:\/\/principesdeparis.es\/principes\/wp-json\/wp\/v2\/comments?post=18028"}],"version-history":[{"count":10,"href":"https:\/\/principesdeparis.es\/principes\/wp-json\/wp\/v2\/posts\/18028\/revisions"}],"predecessor-version":[{"id":18367,"href":"https:\/\/principesdeparis.es\/principes\/wp-json\/wp\/v2\/posts\/18028\/revisions\/18367"}],"wp:featuredmedia":[{"embeddable":true,"href":"https:\/\/principesdeparis.es\/principes\/wp-json\/wp\/v2\/media\/18029"}],"wp:attachment":[{"href":"https:\/\/principesdeparis.es\/principes\/wp-json\/wp\/v2\/media?parent=18028"}],"wp:term":[{"taxonomy":"category","embeddable":true,"href":"https:\/\/principesdeparis.es\/principes\/wp-json\/wp\/v2\/categories?post=18028"},{"taxonomy":"post_tag","embeddable":true,"href":"https:\/\/principesdeparis.es\/principes\/wp-json\/wp\/v2\/tags?post=18028"}],"curies":[{"name":"wp","href":"https:\/\/api.w.org\/{rel}","templated":true}]}}