{"id":18063,"date":"2025-02-14T15:59:49","date_gmt":"2025-02-14T15:59:49","guid":{"rendered":"https:\/\/principesdeparis.es\/principes\/?p=18063"},"modified":"2025-02-14T16:03:55","modified_gmt":"2025-02-14T16:03:55","slug":"mi-opinion-del-real-zaragoza-burgos-en-cope-zaragoza","status":"publish","type":"post","link":"https:\/\/principesdeparis.es\/principes\/mi-opinion-del-real-zaragoza-burgos-en-cope-zaragoza\/","title":{"rendered":"Mi opini\u00f3n del Real Zaragoza-Burgos en Cope Zaragoza"},"content":{"rendered":"<h3 style=\"text-align: center;\">\u00abMe niego a sumarme a la cofrad\u00eda del ascenso. La afici\u00f3n merece un respeto frente a una mensaje oficial de optimismo de garraf\u00f3n que ni sus propios defensores beben de \u00e9l\u00bb<\/h3>\n<p><iframe src=\"https:\/\/www.ivoox.com\/player_ej_139867772_6_1.html?c1=3cb4fc\" width=\"100%\" height=\"200\" frameborder=\"0\" allowfullscreen=\"\" scrolling=\"no\" loading=\"lazy\"><\/iframe><\/p>\n","protected":false},"excerpt":{"rendered":"<p>\u00abMe niego a sumarme a la cofrad\u00eda del ascenso. La afici\u00f3n merece un respeto frente a una mensaje oficial de optimismo de garraf\u00f3n que ni sus propios defensores beben de \u00e9l\u00bb<\/p>\n","protected":false},"author":2,"featured_media":17965,"comment_status":"open","ping_status":"open","sticky":false,"template":"","format":"standard","meta":{"footnotes":""},"categories":[15,13],"tags":[],"class_list":["post-18063","post","type-post","status-publish","format-standard","has-post-thumbnail","hentry","category-otros-temas","category-publicidad"],"_links":{"self":[{"href":"https:\/\/principesdeparis.es\/principes\/wp-json\/wp\/v2\/posts\/18063","targetHints":{"allow":["GET"]}}],"collection":[{"href":"https:\/\/principesdeparis.es\/principes\/wp-json\/wp\/v2\/posts"}],"about":[{"href":"https:\/\/principesdeparis.es\/principes\/wp-json\/wp\/v2\/types\/post"}],"author":[{"embeddable":true,"href":"https:\/\/principesdeparis.es\/principes\/wp-json\/wp\/v2\/users\/2"}],"replies":[{"embeddable":true,"href":"https:\/\/principesdeparis.es\/principes\/wp-json\/wp\/v2\/comments?post=18063"}],"version-history":[{"count":2,"href":"https:\/\/principesdeparis.es\/principes\/wp-json\/wp\/v2\/posts\/18063\/revisions"}],"predecessor-version":[{"id":18065,"href":"https:\/\/principesdeparis.es\/principes\/wp-json\/wp\/v2\/posts\/18063\/revisions\/18065"}],"wp:featuredmedia":[{"embeddable":true,"href":"https:\/\/principesdeparis.es\/principes\/wp-json\/wp\/v2\/media\/17965"}],"wp:attachment":[{"href":"https:\/\/principesdeparis.es\/principes\/wp-json\/wp\/v2\/media?parent=18063"}],"wp:term":[{"taxonomy":"category","embeddable":true,"href":"https:\/\/principesdeparis.es\/principes\/wp-json\/wp\/v2\/categories?post=18063"},{"taxonomy":"post_tag","embeddable":true,"href":"https:\/\/principesdeparis.es\/principes\/wp-json\/wp\/v2\/tags?post=18063"}],"curies":[{"name":"wp","href":"https:\/\/api.w.org\/{rel}","templated":true}]}}