{"id":18122,"date":"2025-02-20T07:59:53","date_gmt":"2025-02-20T07:59:53","guid":{"rendered":"https:\/\/principesdeparis.es\/principes\/?p=18122"},"modified":"2025-02-20T07:59:53","modified_gmt":"2025-02-20T07:59:53","slug":"cortinas-de-humo-para-la-caida-de-un-proyecto","status":"publish","type":"post","link":"https:\/\/principesdeparis.es\/principes\/cortinas-de-humo-para-la-caida-de-un-proyecto\/","title":{"rendered":"Cortinas de humo para la ca\u00edda de un proyecto"},"content":{"rendered":"<p>Desde la dimisi\u00f3n de V\u00edctor Fern\u00e1ndez ha pasado poco tiempo pero se han producido muchas novedades que demuestran el alto nivel de \u00abcortinas de humo\u00bb que el club ha ido utilizando para desviar la atenci\u00f3n sobre la ca\u00edda de un proyecto que ahora es mucho m\u00e1s di\u00e1fana. Parece mentira que con los a\u00f1os que han transcurrido desde la creaci\u00f3n de las SAD los inversores, intermediarios, negociadores y pol\u00edticos no sepan a estas alturas que el f\u00fatbol es emoci\u00f3n, ilusi\u00f3n y compartir un proyecto colectivo. Aunque el p\u00fablico no tenga ning\u00fan derecho, los abonados sean una cuenta corriente por su fidelidad y las diferentes campa\u00f1as de merchandising, la prensa est\u00e9 atravesando una crisis por la aparici\u00f3n de otros medios m\u00e1s locales y las redes sociales, lo \u00fanico que te mantiene vivo es ganar y las expectativas de mejorar cada jornada, asumiendo con delectaci\u00f3n que las expectativas pueden llegar a cumplirse.<\/p>\n<p>Sin una plantilla de garant\u00edas, un director deportivo de confianza, un entrenador que sea capaz de ser la uni\u00f3n entre la propiedad y la afici\u00f3n, y una plantilla acorde a lo que hayas prometido llegar, la afici\u00f3n comienza a disgregarse y como en todas las sociedades los m\u00e1s extremistas empiezan a llevar las direcciones aleatorias del fracaso en las plataformas en la comunidad de internet; sin contar con los intereses medi\u00e1ticos utilizados o grupos minoritarios creados desde el entorno del club en crisis.<\/p>\n<p>Terminando febrero el escenario se ha venido abajo con n\u00fameros que cada semana son m\u00e1s alarmantes en relaci\u00f3n a otras temporadas. \u00bfDe qu\u00e9 sirve tener un l\u00edmite salarial de los m\u00e1s altos de la categor\u00eda si no lo utilizas? \u00bfQu\u00e9 ocurre realmente con los lesionados, la duraci\u00f3n de sus recuperaciones y la baja forma con la que regresan a las convocatorias? \u00bfPor qu\u00e9 son tan h\u00e1biles en fichar delanteros que no marcan, centrocampistas que no crean y defensas que convierten en un coladero las \u00e1reas del guardameta? \u00bfY con los talentos de la cantera? Un trabajo eficaz pero en un segundo plano desde a\u00f1os hasta que se incorporan deprisa y corriendo pagando la novatada, se traspasan, o te los dejas llevar por otros clubes que les ofrecen m\u00e1s seguridad y posibilidades. Que el arbitraje est\u00e1 completamente con las patas arriba desde hace a\u00f1os, que el VAR no se utiliza con la precisi\u00f3n esperada, que al ser un grande venido a menos algunos colegiados quieren gloria a trav\u00e9s de la rabia de las gradas&#8230; Eso ya lo sabemos. Y tambi\u00e9n que el objetivo no es solamente construir nuevos estadios sino competir en Primera Divisi\u00f3n.<\/p>\n","protected":false},"excerpt":{"rendered":"<p>Desde la dimisi\u00f3n de V\u00edctor Fern\u00e1ndez ha pasado poco tiempo pero se han producido muchas novedades que demuestran el alto nivel de \u00abcortinas de humo\u00bb que el club ha ido utilizando para desviar la atenci\u00f3n sobre la ca\u00edda de un proyecto que ahora es mucho m\u00e1s di\u00e1fana. Parece mentira que <a class=\"read-more\" href=\"https:\/\/principesdeparis.es\/principes\/cortinas-de-humo-para-la-caida-de-un-proyecto\/\">Sigue leyendo<\/a><\/p>\n","protected":false},"author":3,"featured_media":17784,"comment_status":"open","ping_status":"open","sticky":false,"template":"","format":"standard","meta":{"footnotes":""},"categories":[16,13],"tags":[],"class_list":["post-18122","post","type-post","status-publish","format-standard","has-post-thumbnail","hentry","category-el10","category-publicidad"],"_links":{"self":[{"href":"https:\/\/principesdeparis.es\/principes\/wp-json\/wp\/v2\/posts\/18122","targetHints":{"allow":["GET"]}}],"collection":[{"href":"https:\/\/principesdeparis.es\/principes\/wp-json\/wp\/v2\/posts"}],"about":[{"href":"https:\/\/principesdeparis.es\/principes\/wp-json\/wp\/v2\/types\/post"}],"author":[{"embeddable":true,"href":"https:\/\/principesdeparis.es\/principes\/wp-json\/wp\/v2\/users\/3"}],"replies":[{"embeddable":true,"href":"https:\/\/principesdeparis.es\/principes\/wp-json\/wp\/v2\/comments?post=18122"}],"version-history":[{"count":1,"href":"https:\/\/principesdeparis.es\/principes\/wp-json\/wp\/v2\/posts\/18122\/revisions"}],"predecessor-version":[{"id":18123,"href":"https:\/\/principesdeparis.es\/principes\/wp-json\/wp\/v2\/posts\/18122\/revisions\/18123"}],"wp:featuredmedia":[{"embeddable":true,"href":"https:\/\/principesdeparis.es\/principes\/wp-json\/wp\/v2\/media\/17784"}],"wp:attachment":[{"href":"https:\/\/principesdeparis.es\/principes\/wp-json\/wp\/v2\/media?parent=18122"}],"wp:term":[{"taxonomy":"category","embeddable":true,"href":"https:\/\/principesdeparis.es\/principes\/wp-json\/wp\/v2\/categories?post=18122"},{"taxonomy":"post_tag","embeddable":true,"href":"https:\/\/principesdeparis.es\/principes\/wp-json\/wp\/v2\/tags?post=18122"}],"curies":[{"name":"wp","href":"https:\/\/api.w.org\/{rel}","templated":true}]}}