{"id":18124,"date":"2025-02-20T12:46:22","date_gmt":"2025-02-20T12:46:22","guid":{"rendered":"https:\/\/principesdeparis.es\/principes\/?p=18124"},"modified":"2025-02-20T16:15:59","modified_gmt":"2025-02-20T16:15:59","slug":"ramirez-asume-las-urgencias-peros-se-aisla-de-ellas","status":"publish","type":"post","link":"https:\/\/principesdeparis.es\/principes\/ramirez-asume-las-urgencias-peros-se-aisla-de-ellas\/","title":{"rendered":"Ram\u00edrez asume las urgencias pero se a\u00edsla de ellas"},"content":{"rendered":"<p><strong>C\u00f3mo afronta el partido en Granada:<\/strong> \u00abSabiendo que somos los que estamos y que debemos dar una respuesta como equipo. Keidi y Bazdar est\u00e1n de vueltas y vamos incorporando jugadores. Vamos a competir y ha demostrar qui\u00e9nes somos ante un equipazo\u00bb.<\/p>\n<p><strong>Su estado an\u00edmico:<\/strong>\u00a0\u00abYo estoy bien. S\u00e9 que en una sociedad de redes sociales donde todo es perfecto y nadie le va mal&#8230; No nos est\u00e1 yendo bien y s\u00e9 que todo no es para siempre. Debemos trabajar mucho y bien pero hay que saber estar en la dificultad. Los entrenadores somos fen\u00f3menos o muy malos. Hay que saber vivir en ese estado y creer en ti. Hay muchos factores, lesiones, que no nos est\u00e1n favoreciendo. As\u00ed es el deporte de alto rendimiento. Yo soy el primero que vengo con energ\u00eda. El club me refuerza en lo que queremos ser\u00bb.<\/p>\n<p><strong>Cinco puntos de 18:<\/strong> \u00abSiento la urgencia de ganar siempre y por el club al que represento. Me manejo en una estabilidad emocional. No puedo vivir con las subidas y bajadas de entorno y opini\u00f3n. Somos conscientes de las urgencias del club con independencia de la clasificaci\u00f3n\u00bb.<\/p>\n<p><strong>La gente preocupada:<\/strong> \u00abLo entiendo. Aun estando el primero, te preocupas. Vinimos preocupados constantemente al margen del lugar donde est\u00e9s\u00bb.<\/p>\n<p><strong>Qu\u00e9 le falta al equipo:<\/strong> \u00abTenemos capacidad de repetir esfuerzos, para ir hacia delante y llegar al \u00e1rea con gente. Lo que tratamos es ver la forma que podemos explotar eso durante m\u00e1s tiempo\u00bb.<\/p>\n<p><strong>Liderazgo en el campo:<\/strong> \u00abS\u00ed. Este equipo tiene l\u00edderes porque lo veo. Y buenos, que cuidan de sus compa\u00f1eros y les exigen. En ese sentido estamos bien cubiertos. Desde fuera no se identifican porque son m\u00e1s de decir las cosas en privado\u00bb.<\/p>\n<p><strong>Sistema:<\/strong> \u00abEsto no va de l\u00ednea sino de comportamientos. El otro d\u00eda hicimos cosas bien y otras en las que mejorar, sobre todo encontrar la f\u00f3rmula en la que saquemos lo mejor que tenemos. Buscamos esa tecla de hallar las mejores versiones\u00bb.<\/p>\n<p><strong>Jugadores en perfil bajo:<\/strong> \u00abHay un factor emocional en el que uno tiene que conocerse muy bien para saber gestionarse y saber liderarse ante la dificultad. En el d\u00eda ad\u00eda hay un trabajo bueno, pero la trasferencia al fin de semana es lo que m\u00e1s cuesta. El mayor reto est\u00e1 en expresar en la competici\u00f3n lo mejor que tenemos\u00bb.<\/p>\n<p><strong>Resultados y efecto:<\/strong> \u00abNo me preocupa sino que me ocupa. Hablo con los futbolistas para tener informaci\u00f3n y no tengo problema en mostrarme vulnerable con el grupo. Quiero que me lo digan, y as\u00ed se va construyendo la confianza. Hay que empezar de cero de forma constante con mucha comunicaci\u00f3n para ser honestos y frontales. No todo es maravilloso de entrada en un cambio. Ya lo viv\u00ed en el Sporting, y cuando tuvimos un mercado alcanzamos el playoff. Estamos haciendo todo para acometer las urgencias\u00bb.<\/p>\n<p><strong>La lesiones:<\/strong> \u00abEs multifactorial. No es por el estado de los campos exclusivamente. No ayuda, pero s\u00f3lo es un factor. El cambio de metodolog\u00eda suele ser otro factor de riesgo y las demandas en el entrenamiento actual son distintas al del anterior, ni mejores ni peores. Tenemos reuniones a todos los niveles en el club con el cuerpo m\u00e9dico para ajustar, hablar, cambiar para poder reducirlas\u00bb.<\/p>\n<p><strong>Los tocados:<\/strong> Los tocados: \u00abAketxe va a viajar y entrenar\u00e1 ma\u00f1ana pero arrastra molestias en un tobillo. No hab\u00eda mejora y por eso ha parado un poco y le hemos dado tratamiento durante toda la semana para que juegue sin dolor. Clemente tuvo un golpe duro a la altura del pulm\u00f3n y hoy a vuelto a entrenar. Lu\u00eds estaba con sobrecarga en el isquio y le estamos cuidando. Veremos si llega o no. Mar\u00ed est\u00e1 recuperado y que hoy ha trabajado sin tanto riesgo, con normalidad\u00bb.<\/p>\n<p><strong>Granada y porter\u00eda:<\/strong> \u00abNecesitamos competencia interna y no s\u00f3lo en la porter\u00eda. Que no piensen que tengo un once. En esta liga tan larga no son once sino muchos m\u00e1s, Necesito que la gente lo vea, lo sienta y lo demuestre. En cuanto al Granada, juega un 1-4-4-2 que apenas cambia. La gente de arriba te mata si les das espacios porque son muy r\u00e1pidos. Es el equipo que m\u00e1s centra y con ocasi\u00f3n de gol y gol. Tienen mucha jerarqu\u00eda pero creo que tenemos capacidad para ganar duelos y no dar iniciativas al rival para obligar al error. El Granada sin embargo es vulnerable\u00bb.<\/p>\n","protected":false},"excerpt":{"rendered":"<p>C\u00f3mo afronta el partido en Granada: \u00abSabiendo que somos los que estamos y que debemos dar una respuesta como equipo. Keidi y Bazdar est\u00e1n de vueltas y vamos incorporando jugadores. Vamos a competir y ha demostrar qui\u00e9nes somos ante un equipazo\u00bb. Su estado an\u00edmico:\u00a0\u00abYo estoy bien. S\u00e9 que en una <a class=\"read-more\" href=\"https:\/\/principesdeparis.es\/principes\/ramirez-asume-las-urgencias-peros-se-aisla-de-ellas\/\">Sigue leyendo<\/a><\/p>\n","protected":false},"author":2,"featured_media":18125,"comment_status":"open","ping_status":"open","sticky":false,"template":"","format":"standard","meta":{"footnotes":""},"categories":[13,1],"tags":[],"class_list":["post-18124","post","type-post","status-publish","format-standard","has-post-thumbnail","hentry","category-publicidad","category-real-zaragoza"],"_links":{"self":[{"href":"https:\/\/principesdeparis.es\/principes\/wp-json\/wp\/v2\/posts\/18124","targetHints":{"allow":["GET"]}}],"collection":[{"href":"https:\/\/principesdeparis.es\/principes\/wp-json\/wp\/v2\/posts"}],"about":[{"href":"https:\/\/principesdeparis.es\/principes\/wp-json\/wp\/v2\/types\/post"}],"author":[{"embeddable":true,"href":"https:\/\/principesdeparis.es\/principes\/wp-json\/wp\/v2\/users\/2"}],"replies":[{"embeddable":true,"href":"https:\/\/principesdeparis.es\/principes\/wp-json\/wp\/v2\/comments?post=18124"}],"version-history":[{"count":4,"href":"https:\/\/principesdeparis.es\/principes\/wp-json\/wp\/v2\/posts\/18124\/revisions"}],"predecessor-version":[{"id":18129,"href":"https:\/\/principesdeparis.es\/principes\/wp-json\/wp\/v2\/posts\/18124\/revisions\/18129"}],"wp:featuredmedia":[{"embeddable":true,"href":"https:\/\/principesdeparis.es\/principes\/wp-json\/wp\/v2\/media\/18125"}],"wp:attachment":[{"href":"https:\/\/principesdeparis.es\/principes\/wp-json\/wp\/v2\/media?parent=18124"}],"wp:term":[{"taxonomy":"category","embeddable":true,"href":"https:\/\/principesdeparis.es\/principes\/wp-json\/wp\/v2\/categories?post=18124"},{"taxonomy":"post_tag","embeddable":true,"href":"https:\/\/principesdeparis.es\/principes\/wp-json\/wp\/v2\/tags?post=18124"}],"curies":[{"name":"wp","href":"https:\/\/api.w.org\/{rel}","templated":true}]}}