{"id":18130,"date":"2025-02-21T08:30:53","date_gmt":"2025-02-21T08:30:53","guid":{"rendered":"https:\/\/principesdeparis.es\/principes\/?p=18130"},"modified":"2025-02-21T08:43:02","modified_gmt":"2025-02-21T08:43:02","slug":"lluis-lopez-no-viaja-y-regresa-kosa-despues-de-cuatro-meses","status":"publish","type":"post","link":"https:\/\/principesdeparis.es\/principes\/lluis-lopez-no-viaja-y-regresa-kosa-despues-de-cuatro-meses\/","title":{"rendered":"Llu\u00eds L\u00f3pez no viaja y regresa Kosa despu\u00e9s de cuatro meses"},"content":{"rendered":"<p>Las molestias que arrastraba Llu\u00eds L\u00f3pez en el isquio desde el pasado mi\u00e9rcoles han aconsejado que el catal\u00e1n no entre en la citaci\u00f3n para en el encuentro de ma\u00f1ana en Granada. Con 2250 minutos y 25 titularidades en 27 jornadas, el central es el futbolista con m\u00e1s presencia en el equipo, pero su dolencia le ha apartado en esta ocasi\u00f3n de la convocatoria. Ram\u00edrez, que regresar\u00e1 al sistema de cinco defensas, pierde a una de sus piezas principales, lo que supondr\u00e1 el regreso al eje defensivo de Jair y Clemente para acompa\u00f1ar a Vital.<\/p>\n<p>La buena noticia la protagoniza Sebasti\u00e1n Kosa, quien vuelve a una lista despu\u00e9s de casi cuatro meses, cuando sufri\u00f3 una fractura del maleolo peroneal de su pie izquierdo en el encuentro de Copa que el conjunto aragon\u00e9s disput\u00f3 en Hospitalet. El eslovaco s\u00f3lo ha participado en tres partidos de Liga, dos desde el principio contra el Racing y el Eldense.<\/p>\n<p>En el desplazamiento han entrado tambi\u00e9n Aketxe, quien con problemas en un tobillo desde hace algunos partidos se someter\u00e1 esta tarde a una \u00faltima prueba para ver si est\u00e1 en condiciones. Clemente, con un golpe a la altura del pulm\u00f3n, y Mar\u00ed, s\u00ed forman parte de la expedici\u00f3n como estaba previsto, mientras que, por sanci\u00f3n, se cae Dani G\u00f3mez por la roja que recibi\u00f3 en el encuentro frente al Burgos.<\/p>\n<blockquote class=\"twitter-tweet\">\n<p dir=\"ltr\" lang=\"pt\">\u2714\ufe0f <a href=\"https:\/\/t.co\/WelCdyqqW5\">pic.twitter.com\/WelCdyqqW5<\/a><\/p>\n<p>\u2014 Real Zaragoza (@RealZaragoza) <a href=\"https:\/\/twitter.com\/RealZaragoza\/status\/1892846099896885688?ref_src=twsrc%5Etfw\">February 21, 2025<\/a><\/p><\/blockquote>\n<p><script async src=\"https:\/\/platform.twitter.com\/widgets.js\" charset=\"utf-8\"><\/script><\/p>\n<blockquote class=\"twitter-tweet\">\n<p dir=\"ltr\" lang=\"es\">Granada <a href=\"https:\/\/t.co\/0mNZzhC6lf\">pic.twitter.com\/0mNZzhC6lf<\/a><\/p>\n<p>\u2014 Real Zaragoza (@RealZaragoza) <a href=\"https:\/\/twitter.com\/RealZaragoza\/status\/1892849436033798483?ref_src=twsrc%5Etfw\">February 21, 2025<\/a><\/p><\/blockquote>\n<p><script async src=\"https:\/\/platform.twitter.com\/widgets.js\" charset=\"utf-8\"><\/script><\/p>\n","protected":false},"excerpt":{"rendered":"<p>Las molestias que arrastraba Llu\u00eds L\u00f3pez en el isquio desde el pasado mi\u00e9rcoles han aconsejado que el catal\u00e1n no entre en la citaci\u00f3n para en el encuentro de ma\u00f1ana en Granada. Con 2250 minutos y 25 titularidades en 27 jornadas, el central es el futbolista con m\u00e1s presencia en el <a class=\"read-more\" href=\"https:\/\/principesdeparis.es\/principes\/lluis-lopez-no-viaja-y-regresa-kosa-despues-de-cuatro-meses\/\">Sigue leyendo<\/a><\/p>\n","protected":false},"author":2,"featured_media":18133,"comment_status":"open","ping_status":"open","sticky":false,"template":"","format":"standard","meta":{"footnotes":""},"categories":[13,1],"tags":[],"class_list":["post-18130","post","type-post","status-publish","format-standard","has-post-thumbnail","hentry","category-publicidad","category-real-zaragoza"],"_links":{"self":[{"href":"https:\/\/principesdeparis.es\/principes\/wp-json\/wp\/v2\/posts\/18130","targetHints":{"allow":["GET"]}}],"collection":[{"href":"https:\/\/principesdeparis.es\/principes\/wp-json\/wp\/v2\/posts"}],"about":[{"href":"https:\/\/principesdeparis.es\/principes\/wp-json\/wp\/v2\/types\/post"}],"author":[{"embeddable":true,"href":"https:\/\/principesdeparis.es\/principes\/wp-json\/wp\/v2\/users\/2"}],"replies":[{"embeddable":true,"href":"https:\/\/principesdeparis.es\/principes\/wp-json\/wp\/v2\/comments?post=18130"}],"version-history":[{"count":6,"href":"https:\/\/principesdeparis.es\/principes\/wp-json\/wp\/v2\/posts\/18130\/revisions"}],"predecessor-version":[{"id":18137,"href":"https:\/\/principesdeparis.es\/principes\/wp-json\/wp\/v2\/posts\/18130\/revisions\/18137"}],"wp:featuredmedia":[{"embeddable":true,"href":"https:\/\/principesdeparis.es\/principes\/wp-json\/wp\/v2\/media\/18133"}],"wp:attachment":[{"href":"https:\/\/principesdeparis.es\/principes\/wp-json\/wp\/v2\/media?parent=18130"}],"wp:term":[{"taxonomy":"category","embeddable":true,"href":"https:\/\/principesdeparis.es\/principes\/wp-json\/wp\/v2\/categories?post=18130"},{"taxonomy":"post_tag","embeddable":true,"href":"https:\/\/principesdeparis.es\/principes\/wp-json\/wp\/v2\/tags?post=18130"}],"curies":[{"name":"wp","href":"https:\/\/api.w.org\/{rel}","templated":true}]}}