{"id":18152,"date":"2025-02-22T16:39:12","date_gmt":"2025-02-22T16:39:12","guid":{"rendered":"https:\/\/principesdeparis.es\/principes\/?p=18152"},"modified":"2025-02-22T17:19:11","modified_gmt":"2025-02-22T17:19:11","slug":"soberon-vuelve-junto-a-bazdar-a-un-once-con-dos-centrales","status":"publish","type":"post","link":"https:\/\/principesdeparis.es\/principes\/soberon-vuelve-junto-a-bazdar-a-un-once-con-dos-centrales\/","title":{"rendered":"Sober\u00f3n vuelve junto a Bazdar a un once con dos centrales"},"content":{"rendered":"<p><strong>Mario Sober\u00f3n<\/strong> ha vuelto. Despu\u00e9s de su reca\u00edda en Eibar en diciembre tras dos meses m\u00e1s en la enfermer\u00eda y convertirse en una pesadilla para el cuerpo m\u00e9dico, el delantero regresa a un once con cinco variaciones individuales y un significativo cambio t\u00e1ctico. Ram\u00edrez retoma el 1-4-4-2 pero con dos centrales in\u00e9ditos: <strong>Jair<\/strong>, qui\u00e9n cubre la ausencia por lesi\u00f3n de Luis L\u00f3pez, y Arriaga, para prescindir de cuajo de un Vital en su perfil m\u00e1s bajo. En el centro del campo se mantienen Francho y Adu Ares, a quienes se les unen <strong>Bare<\/strong> y <strong>Liso<\/strong>. Arriba, el a\u00f1orado Sober\u00f3n y sus seis goles jugar\u00e1n con <strong>Bazdar<\/strong>.<\/p>\n<p>La configuraci\u00f3n del equipo, en principio, supone la apuesta m\u00e1s ofensiva hasta la fecha del t\u00e9cnico canario, que se ha mantenido en la creencia a ciegas en un dibujo condicionado a tres centrales. Deshace tambi\u00e9n el centro del campo con tendencia a actuar por dentro al dejar fuera a Aketxe y aprovechando un doble pivote con Francho y Bare para que Ares y Liso se acuesten a los estados de una l\u00ednea m\u00e1s tradicional. En ataque, donde Dani G\u00f3mez es baja por sanci\u00f3n, Bazdar retorna al equipo inicial por Mar\u00ed para recuperar junto a Sober\u00f3n la pareja que m\u00e1s alegr\u00edas dio al Real Zaragoza al principio de temporada.<\/p>\n<p>El conjunto aragon\u00e9s se enfrenta al Granada con la necesidad anud\u00e1ndole el cuello con cierta sensaci\u00f3n de estrangulamiento. Su ca\u00edda en los resultados y en la clasificaci\u00f3n, acentuado con dos derrotas consecutivas con Albacete y Burgos, le han situado a seis puntos de los puestos de descenso, con el Eldense como gran y pr\u00e1cticamente \u00fanica amenaza para salvaguardar la categor\u00eda. Con este nuevo formato que supone una vuelta al pasado y con muchos futbolistas f\u00edsicamente condicionados por su falta de ritmo o molestias, el Real Zaragoza afronta una empresa totalmente ajena a la del ascenso, mensaje directo e institucional con el que comenz\u00f3 el curso.<\/p>\n<p>En este contexto, la respuesta psicol\u00f3gica se antoja fundamental en un partido de enorme exigencia porque el equipo de Fran Escrib\u00e1 mira en exclusiva a los seis primeros puestos. Un Granada que presenta un solo cambio en la alineaci\u00f3n con respecto a su \u00faltimo compromiso en Huesca: Lo\u00efc Williams entra en lugar de Neva, que es baja por lesi\u00f3n.<\/p>\n<blockquote class=\"twitter-tweet\">\n<p dir=\"ltr\" lang=\"es\">Nuestro en Granada <a href=\"https:\/\/t.co\/uXEu81m6tQ\">pic.twitter.com\/uXEu81m6tQ<\/a><\/p>\n<p>\u2014 Real Zaragoza (@RealZaragoza) <a href=\"https:\/\/twitter.com\/RealZaragoza\/status\/1893335203138998742?ref_src=twsrc%5Etfw\">February 22, 2025<\/a><\/p><\/blockquote>\n<p><script async src=\"https:\/\/platform.twitter.com\/widgets.js\" charset=\"utf-8\"><\/script><\/p>\n<p>La alineaci\u00f3n del Granada<\/p>\n<blockquote class=\"twitter-tweet\">\n<p dir=\"ltr\" lang=\"es\">\u2764\ufe0f<a href=\"https:\/\/twitter.com\/hashtag\/GranadaRealZaragoza?src=hash&amp;ref_src=twsrc%5Etfw\">#GranadaRealZaragoza<\/a> <a href=\"https:\/\/t.co\/OIqCnL0tcp\">pic.twitter.com\/OIqCnL0tcp<\/a><\/p>\n<p>\u2014 Granada CF \u2764\ufe0f\u26aa\ufe0f (@GranadaCF) <a href=\"https:\/\/twitter.com\/GranadaCF\/status\/1893334966001348781?ref_src=twsrc%5Etfw\">February 22, 2025<\/a><\/p><\/blockquote>\n<p><script async src=\"https:\/\/platform.twitter.com\/widgets.js\" charset=\"utf-8\"><\/script><\/p>\n","protected":false},"excerpt":{"rendered":"<p>Mario Sober\u00f3n ha vuelto. Despu\u00e9s de su reca\u00edda en Eibar en diciembre tras dos meses m\u00e1s en la enfermer\u00eda y convertirse en una pesadilla para el cuerpo m\u00e9dico, el delantero regresa a un once con cinco variaciones individuales y un significativo cambio t\u00e1ctico. Ram\u00edrez retoma el 1-4-4-2 pero con dos <a class=\"read-more\" href=\"https:\/\/principesdeparis.es\/principes\/soberon-vuelve-junto-a-bazdar-a-un-once-con-dos-centrales\/\">Sigue leyendo<\/a><\/p>\n","protected":false},"author":2,"featured_media":18153,"comment_status":"open","ping_status":"open","sticky":false,"template":"","format":"standard","meta":{"footnotes":""},"categories":[13,1],"tags":[],"class_list":["post-18152","post","type-post","status-publish","format-standard","has-post-thumbnail","hentry","category-publicidad","category-real-zaragoza"],"_links":{"self":[{"href":"https:\/\/principesdeparis.es\/principes\/wp-json\/wp\/v2\/posts\/18152","targetHints":{"allow":["GET"]}}],"collection":[{"href":"https:\/\/principesdeparis.es\/principes\/wp-json\/wp\/v2\/posts"}],"about":[{"href":"https:\/\/principesdeparis.es\/principes\/wp-json\/wp\/v2\/types\/post"}],"author":[{"embeddable":true,"href":"https:\/\/principesdeparis.es\/principes\/wp-json\/wp\/v2\/users\/2"}],"replies":[{"embeddable":true,"href":"https:\/\/principesdeparis.es\/principes\/wp-json\/wp\/v2\/comments?post=18152"}],"version-history":[{"count":12,"href":"https:\/\/principesdeparis.es\/principes\/wp-json\/wp\/v2\/posts\/18152\/revisions"}],"predecessor-version":[{"id":18166,"href":"https:\/\/principesdeparis.es\/principes\/wp-json\/wp\/v2\/posts\/18152\/revisions\/18166"}],"wp:featuredmedia":[{"embeddable":true,"href":"https:\/\/principesdeparis.es\/principes\/wp-json\/wp\/v2\/media\/18153"}],"wp:attachment":[{"href":"https:\/\/principesdeparis.es\/principes\/wp-json\/wp\/v2\/media?parent=18152"}],"wp:term":[{"taxonomy":"category","embeddable":true,"href":"https:\/\/principesdeparis.es\/principes\/wp-json\/wp\/v2\/categories?post=18152"},{"taxonomy":"post_tag","embeddable":true,"href":"https:\/\/principesdeparis.es\/principes\/wp-json\/wp\/v2\/tags?post=18152"}],"curies":[{"name":"wp","href":"https:\/\/api.w.org\/{rel}","templated":true}]}}