{"id":18173,"date":"2025-02-22T21:46:35","date_gmt":"2025-02-22T21:46:35","guid":{"rendered":"https:\/\/principesdeparis.es\/principes\/?p=18173"},"modified":"2025-02-22T21:52:57","modified_gmt":"2025-02-22T21:52:57","slug":"francho-tenemos-que-cambiar-esto-cuanto-antes-porque-si-no-vamos-a-sufrir","status":"publish","type":"post","link":"https:\/\/principesdeparis.es\/principes\/francho-tenemos-que-cambiar-esto-cuanto-antes-porque-si-no-vamos-a-sufrir\/","title":{"rendered":"Francho: \u00abTenemos que cambiar esto cuanto antes porque si no vamos a sufrir\u00bb"},"content":{"rendered":"<p>El centrocampista del Real Zaragoza tir\u00f3 de sinceridad al final del encuentro y del angustioso empate conseguido en Granada. Pese al punto logrado \u00abcon coraje, coraz\u00f3n y muy desordenados, aunque sin f\u00fatbol, estando muy mal\u00bb, el futbolista ha comentado que no merecieron ese resultado y advirti\u00f3: \u00abTenemos que cambiar este cuanto antes porque si no vamos a sufrir\u00bb. Tambi\u00e9n apunt\u00f3 que los jugadores deben sacar \u00abcuanto antes nuestra mejor versi\u00f3n para que la gente se sienta orgullosa de los que somos y representamos, que es lo m\u00e1s importante\u00bb.<\/p>\n<p>El canterano transmiti\u00f3 en nombre de sus compa\u00f1eros el malestar que se vive en el vestuario, \u00abalgo que es obvio y no se puede esconder\u00bb, por este tipo de actuaciones y reclam\u00f3 pese a todo el apoyo de la afici\u00f3n \u00abpara que la gente se sienta orgullosa de nosotros\u00bb. Hay que darle una vuelta a todo. Temas futbol\u00edsticos y t\u00e1cticos, y minimizar errores como el que hemos cometido en la primera parte. Hay que seguir, mejorar en lo f\u00edsico y lo futbol\u00edstico, y continuar adelante porque pueden venir \u00e9pocas futbol\u00edsticas peores y nadie queremos eso\u00bb.<\/p>\n<p><iframe loading=\"lazy\" title=\"YouTube video player\" src=\"https:\/\/www.youtube.com\/embed\/YUazGt6MhKQ?si=qiGw2K0gK7egGbOK\" width=\"560\" height=\"315\" frameborder=\"0\" allowfullscreen=\"allowfullscreen\"><\/iframe><\/p>\n","protected":false},"excerpt":{"rendered":"<p>El centrocampista del Real Zaragoza tir\u00f3 de sinceridad al final del encuentro y del angustioso empate conseguido en Granada. Pese al punto logrado \u00abcon coraje, coraz\u00f3n y muy desordenados, aunque sin f\u00fatbol, estando muy mal\u00bb, el futbolista ha comentado que no merecieron ese resultado y advirti\u00f3: \u00abTenemos que cambiar este <a class=\"read-more\" href=\"https:\/\/principesdeparis.es\/principes\/francho-tenemos-que-cambiar-esto-cuanto-antes-porque-si-no-vamos-a-sufrir\/\">Sigue leyendo<\/a><\/p>\n","protected":false},"author":2,"featured_media":18175,"comment_status":"open","ping_status":"open","sticky":false,"template":"","format":"standard","meta":{"footnotes":""},"categories":[13,1],"tags":[],"class_list":["post-18173","post","type-post","status-publish","format-standard","has-post-thumbnail","hentry","category-publicidad","category-real-zaragoza"],"_links":{"self":[{"href":"https:\/\/principesdeparis.es\/principes\/wp-json\/wp\/v2\/posts\/18173","targetHints":{"allow":["GET"]}}],"collection":[{"href":"https:\/\/principesdeparis.es\/principes\/wp-json\/wp\/v2\/posts"}],"about":[{"href":"https:\/\/principesdeparis.es\/principes\/wp-json\/wp\/v2\/types\/post"}],"author":[{"embeddable":true,"href":"https:\/\/principesdeparis.es\/principes\/wp-json\/wp\/v2\/users\/2"}],"replies":[{"embeddable":true,"href":"https:\/\/principesdeparis.es\/principes\/wp-json\/wp\/v2\/comments?post=18173"}],"version-history":[{"count":4,"href":"https:\/\/principesdeparis.es\/principes\/wp-json\/wp\/v2\/posts\/18173\/revisions"}],"predecessor-version":[{"id":18178,"href":"https:\/\/principesdeparis.es\/principes\/wp-json\/wp\/v2\/posts\/18173\/revisions\/18178"}],"wp:featuredmedia":[{"embeddable":true,"href":"https:\/\/principesdeparis.es\/principes\/wp-json\/wp\/v2\/media\/18175"}],"wp:attachment":[{"href":"https:\/\/principesdeparis.es\/principes\/wp-json\/wp\/v2\/media?parent=18173"}],"wp:term":[{"taxonomy":"category","embeddable":true,"href":"https:\/\/principesdeparis.es\/principes\/wp-json\/wp\/v2\/categories?post=18173"},{"taxonomy":"post_tag","embeddable":true,"href":"https:\/\/principesdeparis.es\/principes\/wp-json\/wp\/v2\/tags?post=18173"}],"curies":[{"name":"wp","href":"https:\/\/api.w.org\/{rel}","templated":true}]}}