{"id":18684,"date":"2025-04-04T12:33:12","date_gmt":"2025-04-04T12:33:12","guid":{"rendered":"https:\/\/principesdeparis.es\/principes\/?p=18684"},"modified":"2025-04-04T12:33:12","modified_gmt":"2025-04-04T12:33:12","slug":"gabi-no-entiendo-una-salvacion-sin-la-romareda-sin-su-inteligencia-emocional","status":"publish","type":"post","link":"https:\/\/principesdeparis.es\/principes\/gabi-no-entiendo-una-salvacion-sin-la-romareda-sin-su-inteligencia-emocional\/","title":{"rendered":"Gabi: \u00abNo entiendo una salvaci\u00f3n sin La Romareda, sin su inteligencia emocional\u00bb"},"content":{"rendered":"<p><strong>C\u00f3mo est\u00e1n los lesionados<\/strong>: \u00abNo queremos arriesgar. Est\u00e1n siguiendo sus procesos y a ver si ma\u00f1ana podemos incluir a Keidi Bare en la convocatoria para que participe unos minutos y as\u00ed sumar efectivos a la causa que los necesitamos a todos\u00bb.<\/p>\n<p><strong>C\u00f3mo se afronta est\u00e1 partido:<\/strong> \u00abHe calificado todos los partidos como finales. Para nosotros no es decisivo pero s\u00ed muy importante para reencontrarnos con la victoria y coger aire. Ha sido una semana larga y hemos trabajo conceptos que hab\u00edamos dejado de hacer por falta de tiempo\u00bb.<\/p>\n<p><strong>La importancia de Aketxe y Bazdar:<\/strong> \u00abA m\u00ed me ha gustado el Real Zaragoza estos dos \u00faltimos partidos. Evidentemente tenemos que dar un paseo al frente en cuanto a generar, tener personalidad con el bal\u00f3n. Con Aketxe habl\u00e9 ayer. Al igual que todos no ha dado el nivel que esper\u00e1bamos, pero espero ver si mejor versi\u00f3n porque es muy importante para m\u00ed porque tiene la capacidad de ser decisivo y tiene la jerarqu\u00eda de conocer la categor\u00eda. A Bazdar lo veo con mucho \u00edmpetu. Quiere ayudar al equipo. No tiene que aportar esa capacidad de desborde, de ir hacia adelante, de ganar duelos, de rematar. Es un jugador importante y de cara al futuro, m\u00e1s\u00bb.<\/p>\n<p><strong>Preparados para sufrir:<\/strong> \u00abEspero que s\u00ed. Al vestuario veo cada d\u00eda mejor. Se est\u00e1n liberando y ma\u00f1ana, en el entrenamiento a puerta abierta, se van a reencontrar con la gente, que les vendr\u00e1 bien. Si conseguimos esa uni\u00f3n los chicos se van a desbloquear y poco a poco saldremos de esta situaci\u00f3n\u00bb.<\/p>\n<p><strong>El bal\u00f3n parado:<\/strong> \u00abEst\u00e1 semana hemos dedicado dos o tres horas a esta faceta. Los jugadores han entendido que en est\u00e1 categor\u00eda es decisivo, y para nosotros lo est\u00e1 siendo para mal. Entonces est\u00e1 subiendo la responsabilidad. Es una cuesti\u00f3n, de intensidad, de inteligencia y de concentraci\u00f3n y de ganarle el duelo al que tienes enfrente\u00bb.<\/p>\n<p><strong>El papel de La Romareda:<\/strong> \u00abEs vital. Yo he visto a La Romareda haber partidos. Ha dicho capaz de llevar a su equipo en volandas en momentos de dificultad. Tiene esa inteligencia emocional para saber cu\u00e1ndo tiene que ayudar. Y despu\u00e9s v que se expresar como quiera. No entiendo una salvaci\u00f3n sin La Romareda\u00bb.<\/p>\n<p><strong>Los problemas en casa:<\/strong> \u00abNo s\u00e9 las causas del pasado. Solo puedo hablar de lo que veo ahora. Para jugar en este campo hay que tener mucha personalidad si la gente no est\u00e1 contigo, pero b el domingo no tenemos excusa porque la gente lo estar\u00e1. Debemos salir a ganar el partido, luego el resultado lo marcar\u00e1n los detalles\u00bb.<\/p>\n<p><strong>Ning\u00fan miedo:<\/strong> No tengo miedo, para nada. Estoy mucho m\u00e1s concienciado y sensibilizado y veo un grupo con mucho talento que debe demostrar. Si nos desbloqueamos se ver\u00e1 al mejor Real Zaragoza de la temporada\u00bb.<\/p>\n<p><strong>Menos gol:<\/strong> \u00abLes he pedido equilibrio. Si son capaces de defender como lo han hecho en estos dos partidos, lego tendremos que arriesgar con la pelota, encarar, arriesgar. Les he dicho que no quiero jugadores que se escondan y que equivoquen muchas veces para que aprendan. Este domingo ya se ver\u00e1 al mejor Real Zaragoza\u00bb.<\/p>\n<p><strong>Qu\u00e9 partido espera:<\/strong> \u00abMuy duro porque el Mirand\u00e9s est\u00e1 muy bien trabajado. La cuatro, cinco o diez cosas que hace las interpreta muy bien. Nosotros tenemos que trasmitir energ\u00eda, un equipo que este dispuesto a sufrir, a atacar. Si estamos concentrados los 90 minutos, al final sacaremos adelante el partido\u00bb.<\/p>\n<p><strong>La baja de Moya<\/strong>: \u00abToni es muy importante, pero el centro del campo lo tenemos bien cubierto si Keidi llega all\u00ed partido, con Francho, Guti, Kervin Arriaga, Lucas Terrer, que tiene una proyecci\u00f3n espectacular\u00bb.<\/p>\n<p><strong>Por d\u00f3nde pasan las cuentas:<\/strong> \u00abSi ganamos los cinco de casa, estaremos salvados\u00bb.<\/p>\n<p>&nbsp;<\/p>\n<p>&nbsp;<\/p>\n<p>&nbsp;<\/p>\n","protected":false},"excerpt":{"rendered":"<p>C\u00f3mo est\u00e1n los lesionados: \u00abNo queremos arriesgar. Est\u00e1n siguiendo sus procesos y a ver si ma\u00f1ana podemos incluir a Keidi Bare en la convocatoria para que participe unos minutos y as\u00ed sumar efectivos a la causa que los necesitamos a todos\u00bb. C\u00f3mo se afronta est\u00e1 partido: \u00abHe calificado todos los <a class=\"read-more\" href=\"https:\/\/principesdeparis.es\/principes\/gabi-no-entiendo-una-salvacion-sin-la-romareda-sin-su-inteligencia-emocional\/\">Sigue leyendo<\/a><\/p>\n","protected":false},"author":2,"featured_media":18685,"comment_status":"open","ping_status":"open","sticky":false,"template":"","format":"standard","meta":{"footnotes":""},"categories":[13,1],"tags":[],"class_list":["post-18684","post","type-post","status-publish","format-standard","has-post-thumbnail","hentry","category-publicidad","category-real-zaragoza"],"_links":{"self":[{"href":"https:\/\/principesdeparis.es\/principes\/wp-json\/wp\/v2\/posts\/18684","targetHints":{"allow":["GET"]}}],"collection":[{"href":"https:\/\/principesdeparis.es\/principes\/wp-json\/wp\/v2\/posts"}],"about":[{"href":"https:\/\/principesdeparis.es\/principes\/wp-json\/wp\/v2\/types\/post"}],"author":[{"embeddable":true,"href":"https:\/\/principesdeparis.es\/principes\/wp-json\/wp\/v2\/users\/2"}],"replies":[{"embeddable":true,"href":"https:\/\/principesdeparis.es\/principes\/wp-json\/wp\/v2\/comments?post=18684"}],"version-history":[{"count":3,"href":"https:\/\/principesdeparis.es\/principes\/wp-json\/wp\/v2\/posts\/18684\/revisions"}],"predecessor-version":[{"id":18688,"href":"https:\/\/principesdeparis.es\/principes\/wp-json\/wp\/v2\/posts\/18684\/revisions\/18688"}],"wp:featuredmedia":[{"embeddable":true,"href":"https:\/\/principesdeparis.es\/principes\/wp-json\/wp\/v2\/media\/18685"}],"wp:attachment":[{"href":"https:\/\/principesdeparis.es\/principes\/wp-json\/wp\/v2\/media?parent=18684"}],"wp:term":[{"taxonomy":"category","embeddable":true,"href":"https:\/\/principesdeparis.es\/principes\/wp-json\/wp\/v2\/categories?post=18684"},{"taxonomy":"post_tag","embeddable":true,"href":"https:\/\/principesdeparis.es\/principes\/wp-json\/wp\/v2\/tags?post=18684"}],"curies":[{"name":"wp","href":"https:\/\/api.w.org\/{rel}","templated":true}]}}